{"id":165329,"date":"2020-04-22T11:40:46","date_gmt":"2020-04-22T14:40:46","guid":{"rendered":"http:\/\/www.caririemacao.com\/1\/?p=165329"},"modified":"2020-04-22T11:40:51","modified_gmt":"2020-04-22T14:40:51","slug":"prefeitura-de-sume-recupera-estradas-vicinais-em-areas-criticas","status":"publish","type":"post","link":"https:\/\/www.caririemacao.com\/1\/2020\/04\/22\/prefeitura-de-sume-recupera-estradas-vicinais-em-areas-criticas\/","title":{"rendered":"Prefeitura de Sum\u00e9 recupera estradas vicinais em \u00e1reas cr\u00edticas"},"content":{"rendered":"\n<p>O trabalho de recupera\u00e7\u00e3o dos pontos mais cr\u00edticos das estradas vicinais do munic\u00edpio de Sum\u00e9 est\u00e1 sendo executado pela Prefeitura, atrav\u00e9s da Secretaria de Obras e servi\u00e7os Urbanos. Mesmo com o per\u00edodo de isolamento social causado pela pandemia do Covid-19, a Prefeitura n\u00e3o est\u00e1 deixando de atender as necessidades das pessoas do campo.<\/p>\n\n\n\n<figure class=\"wp-block-image size-large\"><img fetchpriority=\"high\" decoding=\"async\" width=\"576\" height=\"1024\" src=\"http:\/\/www.caririemacao.com\/1\/wp-content\/uploads\/2020\/04\/WhatsApp-Image-2020-04-16-at-19.00.48-576x1024-1.jpeg\" alt=\"\" class=\"wp-image-165330\" srcset=\"https:\/\/www.caririemacao.com\/1\/wp-content\/uploads\/2020\/04\/WhatsApp-Image-2020-04-16-at-19.00.48-576x1024-1.jpeg 576w, https:\/\/www.caririemacao.com\/1\/wp-content\/uploads\/2020\/04\/WhatsApp-Image-2020-04-16-at-19.00.48-576x1024-1-169x300.jpeg 169w\" sizes=\"(max-width: 576px) 100vw, 576px\" \/><\/figure>\n\n\n\n<p>Com as chuvas ca\u00eddas no munic\u00edpio nos \u00faltimos meses, as estradas est\u00e3o danificadas precisando de um reparo especial. Assim, a Secretaria de Obras est\u00e1 primeiramente fazendo os servi\u00e7os de recupera\u00e7\u00e3o nas \u00e1reas mais danificadas pelas chuvas, come\u00e7ando pela regi\u00e3o de Pio X, e em seguida para as outras \u00e1reas necessitadas.<\/p>\n\n\n\n<p>Posteriormente, a Prefeitura ir\u00e1 executar o servi\u00e7o completo de recupera\u00e7\u00e3o de estradas em toda a zona rural do munic\u00edpio de Sum\u00e9, este que \u00e9 o terceiro do Estado em extens\u00e3o territorial.<\/p>\n\n\n\n<p>Ascom PMS<\/p>\n","protected":false},"excerpt":{"rendered":"<p>O trabalho de recupera\u00e7\u00e3o dos pontos mais cr\u00edticos das estradas vicinais do munic\u00edpio de Sum\u00e9 est\u00e1 sendo executado pela Prefeitura, atrav\u00e9s da Secretaria de Obras&hellip; <\/p>\n","protected":false},"author":1,"featured_media":88388,"comment_status":"closed","ping_status":"closed","sticky":false,"template":"","format":"standard","meta":{"sfsi_plus_gutenberg_text_before_share":"","sfsi_plus_gutenberg_show_text_before_share":"","sfsi_plus_gutenberg_icon_type":"","sfsi_plus_gutenberg_icon_alignemt":"","sfsi_plus_gutenburg_max_per_row":"","footnotes":""},"categories":[6,50],"tags":[],"class_list":["post-165329","post","type-post","status-publish","format-standard","has-post-thumbnail","hentry","category-cidades","category-destaque"],"_links":{"self":[{"href":"https:\/\/www.caririemacao.com\/1\/wp-json\/wp\/v2\/posts\/165329","targetHints":{"allow":["GET"]}}],"collection":[{"href":"https:\/\/www.caririemacao.com\/1\/wp-json\/wp\/v2\/posts"}],"about":[{"href":"https:\/\/www.caririemacao.com\/1\/wp-json\/wp\/v2\/types\/post"}],"author":[{"embeddable":true,"href":"https:\/\/www.caririemacao.com\/1\/wp-json\/wp\/v2\/users\/1"}],"replies":[{"embeddable":true,"href":"https:\/\/www.caririemacao.com\/1\/wp-json\/wp\/v2\/comments?post=165329"}],"version-history":[{"count":1,"href":"https:\/\/www.caririemacao.com\/1\/wp-json\/wp\/v2\/posts\/165329\/revisions"}],"predecessor-version":[{"id":165331,"href":"https:\/\/www.caririemacao.com\/1\/wp-json\/wp\/v2\/posts\/165329\/revisions\/165331"}],"wp:featuredmedia":[{"embeddable":true,"href":"https:\/\/www.caririemacao.com\/1\/wp-json\/wp\/v2\/media\/88388"}],"wp:attachment":[{"href":"https:\/\/www.caririemacao.com\/1\/wp-json\/wp\/v2\/media?parent=165329"}],"wp:term":[{"taxonomy":"category","embeddable":true,"href":"https:\/\/www.caririemacao.com\/1\/wp-json\/wp\/v2\/categories?post=165329"},{"taxonomy":"post_tag","embeddable":true,"href":"https:\/\/www.caririemacao.com\/1\/wp-json\/wp\/v2\/tags?post=165329"}],"curies":[{"name":"wp","href":"https:\/\/api.w.org\/{rel}","templated":true}]}}