{"id":165340,"date":"2020-04-22T13:29:09","date_gmt":"2020-04-22T16:29:09","guid":{"rendered":"http:\/\/www.caririemacao.com\/1\/?p=165340"},"modified":"2020-04-22T13:29:11","modified_gmt":"2020-04-22T16:29:11","slug":"na-paraiba-taxa-de-letalidade-em-idosos-com-mais-de-80-anos-infectados-pelo-covid-19-chega-a-64","status":"publish","type":"post","link":"https:\/\/www.caririemacao.com\/1\/2020\/04\/22\/na-paraiba-taxa-de-letalidade-em-idosos-com-mais-de-80-anos-infectados-pelo-covid-19-chega-a-64\/","title":{"rendered":"Na Para\u00edba, taxa de letalidade em idosos com mais de 80 anos infectados pelo covid-19 chega a 64%"},"content":{"rendered":"\n<p>A taxa de letalidade da covid-19 \u00e9 de 64% em idosos com mais de 80 anos na Para\u00edba, segundo dados do Boletim Epidemiol\u00f3gico da Secretaria de Estado da Sa\u00fade (SES), divulgado nessa ter\u00e7a-feira (21). A faixa et\u00e1ria \u00e9 a que mais apresenta risco de morte pela doen\u00e7a.&nbsp;<\/p>\n\n\n\n<p>S\u00f3 na Associa\u00e7\u00e3o Promocional do Anci\u00e3o Dr. Jo\u00e3o Meira de Menezes (Aspan), institui\u00e7\u00e3o de longa perman\u00eancia localizada em Jo\u00e3o Pessoa,&nbsp;<a href=\"https:\/\/www.clickpb.com.br\/saude\/asilo-de-idosos-em-joao-pessoa-contabiliza-quinta-morte-por-coronavirus-282521.html\">cinco idosos residentes dessa faixa et\u00e1ria j\u00e1 faleceram<\/a>v\u00edtimas da covid-19.<\/p>\n\n\n\n<p>Na Para\u00edba, a taxa de letalidade geral da covid-19 est\u00e1 em 12,5%,&nbsp;<a href=\"https:\/\/www.clickpb.com.br\/paraiba\/taxa-de-letalidade-da-covid-19-na-paraiba-e-maior-do-pais-secretario-diz-que-o-problema-estava-na-falta-de-testes-282361.html\">bem mais alta do que a m\u00e9dia nacional<\/a>, que est\u00e1 em 6,4%. Campina Grande \u00e9 o munic\u00edpio onde a covid-19 apresenta a taxa de letalidade mais alta, com 16,6%. A cidade tem 12 casos confirmados, enquanto Jo\u00e3o Pessoa concentra 85,5% dos casos da Para\u00edba.<\/p>\n\n\n\n<p>A m\u00e9dia de idade dos \u00f3bitos na Para\u00edba foi de 67,5 anos (variando de 4 meses a 95 anos) e a doen\u00e7a tem vitimado mais homens. Cerca de 52% dos casos que evolu\u00edram a \u00f3bito eram do sexo masculino.<\/p>\n","protected":false},"excerpt":{"rendered":"<p>A taxa de letalidade da covid-19 \u00e9 de 64% em idosos com mais de 80 anos na Para\u00edba, segundo dados do Boletim Epidemiol\u00f3gico da Secretaria&hellip; <\/p>\n","protected":false},"author":2,"featured_media":165341,"comment_status":"closed","ping_status":"closed","sticky":false,"template":"","format":"standard","meta":{"sfsi_plus_gutenberg_text_before_share":"","sfsi_plus_gutenberg_show_text_before_share":"","sfsi_plus_gutenberg_icon_type":"","sfsi_plus_gutenberg_icon_alignemt":"","sfsi_plus_gutenburg_max_per_row":"","footnotes":""},"categories":[2],"tags":[],"class_list":["post-165340","post","type-post","status-publish","format-standard","has-post-thumbnail","hentry","category-geral"],"_links":{"self":[{"href":"https:\/\/www.caririemacao.com\/1\/wp-json\/wp\/v2\/posts\/165340","targetHints":{"allow":["GET"]}}],"collection":[{"href":"https:\/\/www.caririemacao.com\/1\/wp-json\/wp\/v2\/posts"}],"about":[{"href":"https:\/\/www.caririemacao.com\/1\/wp-json\/wp\/v2\/types\/post"}],"author":[{"embeddable":true,"href":"https:\/\/www.caririemacao.com\/1\/wp-json\/wp\/v2\/users\/2"}],"replies":[{"embeddable":true,"href":"https:\/\/www.caririemacao.com\/1\/wp-json\/wp\/v2\/comments?post=165340"}],"version-history":[{"count":1,"href":"https:\/\/www.caririemacao.com\/1\/wp-json\/wp\/v2\/posts\/165340\/revisions"}],"predecessor-version":[{"id":165342,"href":"https:\/\/www.caririemacao.com\/1\/wp-json\/wp\/v2\/posts\/165340\/revisions\/165342"}],"wp:featuredmedia":[{"embeddable":true,"href":"https:\/\/www.caririemacao.com\/1\/wp-json\/wp\/v2\/media\/165341"}],"wp:attachment":[{"href":"https:\/\/www.caririemacao.com\/1\/wp-json\/wp\/v2\/media?parent=165340"}],"wp:term":[{"taxonomy":"category","embeddable":true,"href":"https:\/\/www.caririemacao.com\/1\/wp-json\/wp\/v2\/categories?post=165340"},{"taxonomy":"post_tag","embeddable":true,"href":"https:\/\/www.caririemacao.com\/1\/wp-json\/wp\/v2\/tags?post=165340"}],"curies":[{"name":"wp","href":"https:\/\/api.w.org\/{rel}","templated":true}]}}