{"id":165345,"date":"2020-04-22T13:33:28","date_gmt":"2020-04-22T16:33:28","guid":{"rendered":"http:\/\/www.caririemacao.com\/1\/?p=165345"},"modified":"2020-04-22T13:33:30","modified_gmt":"2020-04-22T16:33:30","slug":"paraiba-vai-receber-quase-50-mil-testes-de-covid-19-diz-ministerio-da-saude","status":"publish","type":"post","link":"https:\/\/www.caririemacao.com\/1\/2020\/04\/22\/paraiba-vai-receber-quase-50-mil-testes-de-covid-19-diz-ministerio-da-saude\/","title":{"rendered":"Para\u00edba vai receber quase 50 mil testes de covid-19, diz Minist\u00e9rio da Sa\u00fade"},"content":{"rendered":"\n<p>A Para\u00edba vai receber, do Minist\u00e9rio da Sa\u00fade, 7.848 testes RT-PCR (biologia molecular) para o Laborat\u00f3rio Central de Sa\u00fade do estado (Lacen-PB), al\u00e9m de 41.284 testes r\u00e1pidos de covid-19, de acordo com informa\u00e7\u00f5es do pr\u00f3prio minist\u00e9rio. A pasta ampliou de 23,9 milh\u00f5es para 46,2 milh\u00f5es a previs\u00e3o de aquisi\u00e7\u00e3o de testes, seja por compras diretas ou por meio de doa\u00e7\u00f5es.<\/p>\n\n\n\n<p>S\u00e3o 24,2 milh\u00f5es de testes RT-PCR (biologia molecular) e 22 milh\u00f5es de testes r\u00e1pidos (sorologia). A iniciativa faz parte dos esfor\u00e7os do Minist\u00e9rio da Sa\u00fade na busca de novas compras no mercado nacional e internacional para amplia\u00e7\u00e3o da testagem do coronav\u00edrus no Brasil.<\/p>\n\n\n\n<p>At\u00e9 o momento, mais de 2 milh\u00f5es de testes r\u00e1pidos j\u00e1 foram distribu\u00eddos aos estados de todo o pa\u00eds. Eles foram doados pela mineradora Vale ao Minist\u00e9rio da Sa\u00fade para auxiliar o Brasil no enfrentamento ao coronav\u00edrus. Deste montante, 180 mil seguiu para uso em pesquisas e 247 mil para compor o estoque estrat\u00e9gico do Minist\u00e9rio da Sa\u00fade. No total, a Vale doou ao Minist\u00e9rio da Sa\u00fade 5 milh\u00f5es de testes r\u00e1pidos. Outros 5 milh\u00f5es, adquiridos por bancos privados, devem ser doados \u00e0 pasta.<\/p>\n\n\n\n<p>Nessa segunda-feira (20), o Minist\u00e9rio da Sa\u00fade abriu edital de chamamento p\u00fablico para aquisi\u00e7\u00e3o de mais 12 milh\u00f5es de testes r\u00e1pidos para diagn\u00f3stico da COVID-19. As propostas devem ser enviadas \u00e0 pasta at\u00e9 \u00e0s 23h59 desta quarta-feira (22), conforme orienta\u00e7\u00f5es que constam no Aviso de Chamamento P\u00fablico, divulgado no Di\u00e1rio Oficial da Uni\u00e3o (DOU).<\/p>\n\n\n\n<p>O Minist\u00e9rio da Sa\u00fade adquiriu, via Organiza\u00e7\u00e3o Pan-Americana da Sa\u00fade (OPAS\/OMS), 10 milh\u00f5es de testes RT-PCR (biologia molecular) para COVID-19. A previs\u00e3o \u00e9 que cerca de 500 mil testes comecem a chegar na semana pr\u00f3xima semana e, depois, cerca de 800 mil a cada semana.<\/p>\n\n\n\n<p>No \u00faltimo domingo, chegaram ao Brasil mais 1 milh\u00e3o de testes r\u00e1pidos doados pela Vale e outros 300 mil testes RT-PCR doados pela Petrobras, que come\u00e7ar\u00e3o a ser distribu\u00eddos nos pr\u00f3ximos dias.<\/p>\n","protected":false},"excerpt":{"rendered":"<p>A Para\u00edba vai receber, do Minist\u00e9rio da Sa\u00fade, 7.848 testes RT-PCR (biologia molecular) para o Laborat\u00f3rio Central de Sa\u00fade do estado (Lacen-PB), al\u00e9m de 41.284&hellip; <\/p>\n","protected":false},"author":2,"featured_media":165346,"comment_status":"closed","ping_status":"closed","sticky":false,"template":"","format":"standard","meta":{"sfsi_plus_gutenberg_text_before_share":"","sfsi_plus_gutenberg_show_text_before_share":"","sfsi_plus_gutenberg_icon_type":"","sfsi_plus_gutenberg_icon_alignemt":"","sfsi_plus_gutenburg_max_per_row":"","footnotes":""},"categories":[50,2],"tags":[],"class_list":["post-165345","post","type-post","status-publish","format-standard","has-post-thumbnail","hentry","category-destaque","category-geral"],"_links":{"self":[{"href":"https:\/\/www.caririemacao.com\/1\/wp-json\/wp\/v2\/posts\/165345","targetHints":{"allow":["GET"]}}],"collection":[{"href":"https:\/\/www.caririemacao.com\/1\/wp-json\/wp\/v2\/posts"}],"about":[{"href":"https:\/\/www.caririemacao.com\/1\/wp-json\/wp\/v2\/types\/post"}],"author":[{"embeddable":true,"href":"https:\/\/www.caririemacao.com\/1\/wp-json\/wp\/v2\/users\/2"}],"replies":[{"embeddable":true,"href":"https:\/\/www.caririemacao.com\/1\/wp-json\/wp\/v2\/comments?post=165345"}],"version-history":[{"count":1,"href":"https:\/\/www.caririemacao.com\/1\/wp-json\/wp\/v2\/posts\/165345\/revisions"}],"predecessor-version":[{"id":165347,"href":"https:\/\/www.caririemacao.com\/1\/wp-json\/wp\/v2\/posts\/165345\/revisions\/165347"}],"wp:featuredmedia":[{"embeddable":true,"href":"https:\/\/www.caririemacao.com\/1\/wp-json\/wp\/v2\/media\/165346"}],"wp:attachment":[{"href":"https:\/\/www.caririemacao.com\/1\/wp-json\/wp\/v2\/media?parent=165345"}],"wp:term":[{"taxonomy":"category","embeddable":true,"href":"https:\/\/www.caririemacao.com\/1\/wp-json\/wp\/v2\/categories?post=165345"},{"taxonomy":"post_tag","embeddable":true,"href":"https:\/\/www.caririemacao.com\/1\/wp-json\/wp\/v2\/tags?post=165345"}],"curies":[{"name":"wp","href":"https:\/\/api.w.org\/{rel}","templated":true}]}}