{"id":165348,"date":"2020-04-22T13:34:41","date_gmt":"2020-04-22T16:34:41","guid":{"rendered":"http:\/\/www.caririemacao.com\/1\/?p=165348"},"modified":"2020-04-22T13:34:43","modified_gmt":"2020-04-22T16:34:43","slug":"paraiba-registra-aumento-de-578-em-internacoes-por-sindrome-respiratoria-no-ano-de-2020","status":"publish","type":"post","link":"https:\/\/www.caririemacao.com\/1\/2020\/04\/22\/paraiba-registra-aumento-de-578-em-internacoes-por-sindrome-respiratoria-no-ano-de-2020\/","title":{"rendered":"Para\u00edba registra aumento de 578% em interna\u00e7\u00f5es por S\u00edndrome Respirat\u00f3ria no ano de 2020"},"content":{"rendered":"\n<p>As interna\u00e7\u00f5es por S\u00edndrome Respirat\u00f3ria Aguda Grave (SRAG) aumentaram 578% na Para\u00edba, do in\u00edcio do ano at\u00e9 o dia 18 de abril, em rela\u00e7\u00e3o ao mesmo per\u00edodo do ano passado. At\u00e9 essa data, foram notificadas 567 hospitaliza\u00e7\u00f5es, de acordo com dados do Sistema de Informa\u00e7\u00e3o de Vigil\u00e2ncia da Gripe (SIVEP-Gripe), divulgados pela Secretaria de Estado da Sa\u00fade (SES).<\/p>\n\n\n\n<p>A covid-19, doen\u00e7a causada pelo novo coronav\u00edrus, \u00e9 um tipo de SRAG e, embora nem todos os casos de SRAG registrados ir\u00e3o se confirmar como covid-19, o aumento expressivo das notifica\u00e7\u00f5es durante a pandemia \u00e9 um dado importante.<\/p>\n\n\n\n<p>De acordo com a SES, \u00e9 considerado paciente com SRAG o indiv\u00edduo que apresente dispneia\/desconforto respirat\u00f3rio OU press\u00e3o persistente no t\u00f3rax OU satura\u00e7\u00e3o de O2 menor que 95% em ar ambiente OU colora\u00e7\u00e3o azulada dos l\u00e1bios ou rosto.&nbsp; Em crian\u00e7as, al\u00e9m dos itens anteriores, \u00e9 preciso observar os batimentos de asa de nariz, cianose (pele azulada), tiragem intercostal, desidrata\u00e7\u00e3o e inapet\u00eancia.<\/p>\n\n\n\n<figure class=\"wp-block-image\"><img decoding=\"async\" data-src=\"https:\/\/www.clickpb.com.br\/media\/filer_public\/e0\/82\/e082211a-ba92-43dc-9b93-f0d754ea32fc\/srag.jpg\" alt=\"\" src=\"data:image\/svg+xml;base64,PHN2ZyB3aWR0aD0iMSIgaGVpZ2h0PSIxIiB4bWxucz0iaHR0cDovL3d3dy53My5vcmcvMjAwMC9zdmciPjwvc3ZnPg==\" class=\"lazyload\" \/><\/figure>\n","protected":false},"excerpt":{"rendered":"<p>As interna\u00e7\u00f5es por S\u00edndrome Respirat\u00f3ria Aguda Grave (SRAG) aumentaram 578% na Para\u00edba, do in\u00edcio do ano at\u00e9 o dia 18 de abril, em rela\u00e7\u00e3o ao&hellip; <\/p>\n","protected":false},"author":2,"featured_media":165349,"comment_status":"closed","ping_status":"closed","sticky":false,"template":"","format":"standard","meta":{"sfsi_plus_gutenberg_text_before_share":"","sfsi_plus_gutenberg_show_text_before_share":"","sfsi_plus_gutenberg_icon_type":"","sfsi_plus_gutenberg_icon_alignemt":"","sfsi_plus_gutenburg_max_per_row":"","footnotes":""},"categories":[2],"tags":[],"class_list":["post-165348","post","type-post","status-publish","format-standard","has-post-thumbnail","hentry","category-geral"],"_links":{"self":[{"href":"https:\/\/www.caririemacao.com\/1\/wp-json\/wp\/v2\/posts\/165348","targetHints":{"allow":["GET"]}}],"collection":[{"href":"https:\/\/www.caririemacao.com\/1\/wp-json\/wp\/v2\/posts"}],"about":[{"href":"https:\/\/www.caririemacao.com\/1\/wp-json\/wp\/v2\/types\/post"}],"author":[{"embeddable":true,"href":"https:\/\/www.caririemacao.com\/1\/wp-json\/wp\/v2\/users\/2"}],"replies":[{"embeddable":true,"href":"https:\/\/www.caririemacao.com\/1\/wp-json\/wp\/v2\/comments?post=165348"}],"version-history":[{"count":1,"href":"https:\/\/www.caririemacao.com\/1\/wp-json\/wp\/v2\/posts\/165348\/revisions"}],"predecessor-version":[{"id":165350,"href":"https:\/\/www.caririemacao.com\/1\/wp-json\/wp\/v2\/posts\/165348\/revisions\/165350"}],"wp:featuredmedia":[{"embeddable":true,"href":"https:\/\/www.caririemacao.com\/1\/wp-json\/wp\/v2\/media\/165349"}],"wp:attachment":[{"href":"https:\/\/www.caririemacao.com\/1\/wp-json\/wp\/v2\/media?parent=165348"}],"wp:term":[{"taxonomy":"category","embeddable":true,"href":"https:\/\/www.caririemacao.com\/1\/wp-json\/wp\/v2\/categories?post=165348"},{"taxonomy":"post_tag","embeddable":true,"href":"https:\/\/www.caririemacao.com\/1\/wp-json\/wp\/v2\/tags?post=165348"}],"curies":[{"name":"wp","href":"https:\/\/api.w.org\/{rel}","templated":true}]}}