{"id":165362,"date":"2020-04-22T13:41:41","date_gmt":"2020-04-22T16:41:41","guid":{"rendered":"http:\/\/www.caririemacao.com\/1\/?p=165362"},"modified":"2020-04-22T13:41:43","modified_gmt":"2020-04-22T16:41:43","slug":"paraiba-ultrapassa-300-casos-de-coronavirus","status":"publish","type":"post","link":"https:\/\/www.caririemacao.com\/1\/2020\/04\/22\/paraiba-ultrapassa-300-casos-de-coronavirus\/","title":{"rendered":"Paraiba ultrapassa 300 casos de coronav\u00edrus"},"content":{"rendered":"\n<p>A Para\u00edba chegou a 301 casos confirmados do novo coronav\u00edrus nesta ter\u00e7a-feira (21), segundo boletim emitido pela Secretaria de Estado da Sa\u00fade. Seis pessoas morreram em decorr\u00eancia da Covid-19, elevando para 39 o n\u00famero de \u00f3bitos provocados pela doen\u00e7a no estado <\/p>\n\n\n\n<p>As v\u00edtimas s\u00e3o: homem, 62 anos, portador de neoplasia de c\u00f3lon, estava internado em UTI de um hospital p\u00fablico e residia em Jo\u00e3o Pessoa; mulher, 67 anos, moradora de Jo\u00e3o Pessoa, ex-tabagista, iniciou sintomas dia 7 de abril, piorou e no dia 15 deu entrada em uma UPA sendo encaminhada a hospital p\u00fablico; idoso, 95 anos, morador de Jo\u00e3o Pessoa iniciou sintomas gripais no dia 06 abril, deu entrada em hospital p\u00fablico no dia 14 j\u00e1 com agravamento do quadro; homem, 61 anos, hipertenso, residente em Cajazeiras, teve in\u00edcio de sintomas em 10 de abril. Estava internado em hospital p\u00fablico.<\/p>\n\n\n\n<p>A SES ainda registrou a morte de uma mulher, de 71 anos, residente em Jo\u00e3o Pessoa, apresentava comorbidades como diabetes e obesidade. Estava internada em hospital privado.&nbsp;Homem, 56 anos, profissional da sa\u00fade, residente em Jo\u00e3o Pessoa, cardiopata, teve in\u00edcio dos sintomas em 4 de abril e estava internado em hospital privado.<\/p>\n\n\n\n<p>Na Para\u00edba, 144 pessoas est\u00e3o internadas com notifica\u00e7\u00e3o de suspeita para Covid-19, sendo 111 em enfermaria (84 p\u00fablico\/ 27 privado) e 33 na UTI (22 p\u00fablico\/ 11 privado).<\/p>\n\n\n\n<p>Os casos est\u00e3o distribu\u00eddos em 23 munic\u00edpios: Jo\u00e3o Pessoa (202), Santa Rita (24), Campina Grande (20), Cabedelo (12), Bayeux (9), Patos (8), Junco do Serid\u00f3 (3), Pombal (2), Serra Branca (1), Sap\u00e9 (3), Sousa (1), Igaracy (1), Tapero\u00e1 (1), S\u00e3o Jo\u00e3o do Rio do Peixe (1), Riach\u00e3o do Po\u00e7o (1), S\u00e3o Bento (1), Congo (1), Queimadas (1), Bom Jesus (1), Conde (1), Cruz do Esp\u00edrito Santo (1), Itabaiana (1), Cajazeiras (2).<\/p>\n\n\n\n<p><strong>MaisPB<\/strong><\/p>\n","protected":false},"excerpt":{"rendered":"<p>A Para\u00edba chegou a 301 casos confirmados do novo coronav\u00edrus nesta ter\u00e7a-feira (21), segundo boletim emitido pela Secretaria de Estado da Sa\u00fade. Seis pessoas morreram&hellip; <\/p>\n","protected":false},"author":2,"featured_media":164272,"comment_status":"closed","ping_status":"closed","sticky":false,"template":"","format":"standard","meta":{"sfsi_plus_gutenberg_text_before_share":"","sfsi_plus_gutenberg_show_text_before_share":"","sfsi_plus_gutenberg_icon_type":"","sfsi_plus_gutenberg_icon_alignemt":"","sfsi_plus_gutenburg_max_per_row":"","footnotes":""},"categories":[2],"tags":[],"class_list":["post-165362","post","type-post","status-publish","format-standard","has-post-thumbnail","hentry","category-geral"],"_links":{"self":[{"href":"https:\/\/www.caririemacao.com\/1\/wp-json\/wp\/v2\/posts\/165362","targetHints":{"allow":["GET"]}}],"collection":[{"href":"https:\/\/www.caririemacao.com\/1\/wp-json\/wp\/v2\/posts"}],"about":[{"href":"https:\/\/www.caririemacao.com\/1\/wp-json\/wp\/v2\/types\/post"}],"author":[{"embeddable":true,"href":"https:\/\/www.caririemacao.com\/1\/wp-json\/wp\/v2\/users\/2"}],"replies":[{"embeddable":true,"href":"https:\/\/www.caririemacao.com\/1\/wp-json\/wp\/v2\/comments?post=165362"}],"version-history":[{"count":1,"href":"https:\/\/www.caririemacao.com\/1\/wp-json\/wp\/v2\/posts\/165362\/revisions"}],"predecessor-version":[{"id":165363,"href":"https:\/\/www.caririemacao.com\/1\/wp-json\/wp\/v2\/posts\/165362\/revisions\/165363"}],"wp:featuredmedia":[{"embeddable":true,"href":"https:\/\/www.caririemacao.com\/1\/wp-json\/wp\/v2\/media\/164272"}],"wp:attachment":[{"href":"https:\/\/www.caririemacao.com\/1\/wp-json\/wp\/v2\/media?parent=165362"}],"wp:term":[{"taxonomy":"category","embeddable":true,"href":"https:\/\/www.caririemacao.com\/1\/wp-json\/wp\/v2\/categories?post=165362"},{"taxonomy":"post_tag","embeddable":true,"href":"https:\/\/www.caririemacao.com\/1\/wp-json\/wp\/v2\/tags?post=165362"}],"curies":[{"name":"wp","href":"https:\/\/api.w.org\/{rel}","templated":true}]}}