{"id":165369,"date":"2020-04-22T13:44:39","date_gmt":"2020-04-22T16:44:39","guid":{"rendered":"http:\/\/www.caririemacao.com\/1\/?p=165369"},"modified":"2020-04-22T13:44:40","modified_gmt":"2020-04-22T16:44:40","slug":"imprensa-nacional-destaca-producao-de-mascaras-de-renda-renascenca","status":"publish","type":"post","link":"https:\/\/www.caririemacao.com\/1\/2020\/04\/22\/imprensa-nacional-destaca-producao-de-mascaras-de-renda-renascenca\/","title":{"rendered":"Imprensa nacional destaca produ\u00e7\u00e3o de m\u00e1scaras de renda renascen\u00e7a"},"content":{"rendered":"\n<p>&nbsp;confec\u00e7\u00e3o de m\u00e1scaras de prote\u00e7\u00e3o contra o novo coronav\u00edrus por rendeiras do Cariri paraibano, que integram o Programa do Artesanato da Para\u00edba (PAP), foi destaque em uma reportagem da GloboNews, exibida nesta ter\u00e7a-feira (21) no telejornal do canal \u201cEdi\u00e7\u00e3o das 18h\u201d. Conduzida pela jornalista e \u00e2ncora do telejornal, Leilane Neubarth, a reportagem mostrou toda a criatividade das rendeiras na confec\u00e7\u00e3o das m\u00e1scaras, feitas com uma tipologia s\u00edmbolo do artesanato paraibano: a renda renascen\u00e7a. Essa tamb\u00e9m foi uma alternativa que as artes\u00e3s encontraram para gerar renda no momento atual.<\/p>\n\n\n\n<p>Presente em cinco munic\u00edpios do Cariri paraibano, a renda renascen\u00e7a tem recebido todo o est\u00edmulo poss\u00edvel do Governo do Estado, a exemplo de cursos de qualifica\u00e7\u00e3o ministrados por profissionais como o estilista Ronaldo Fraga, reconhecido internacionalmente.<\/p>\n\n\n\n<p>Na reportagem, a GloboNews mostra que a confec\u00e7\u00e3o de m\u00e1scaras pelas rendeiras caririzeiras, al\u00e9m de serem um acess\u00f3rio importante na luta contra a covid-19, a doen\u00e7a causada pelo novo coronav\u00edrus, tem sido uma boa fonte de renda para as mulheres, que h\u00e1 anos preservam a tradi\u00e7\u00e3o da renda renascen\u00e7a no Estado.<\/p>\n\n\n\n<p>Outro ponto destacado \u00e9 a criatividade das rendeiras na confec\u00e7\u00e3o das m\u00e1scaras, que trazem estampas de chap\u00e9u de couro, simbolizando o vaqueiro nordestino, e de uma \u00e1rvore t\u00edpica da regi\u00e3o: o mandacaru. \u201cS\u00e3o pe\u00e7as alegres, cheias de arte e bem brasileiras\u201d, diz um trecho da reportagem feita por Leilane Neubarth, que, ao fim, comenta: \u201cEssas mo\u00e7as merecem o nosso incentivo e a vida merece prote\u00e7\u00e3o\u201d, em refer\u00eancia \u00e0 compra das m\u00e1scaras por telespectadores que tenham ficado interessados.<\/p>\n\n\n\n<p>A gestora do Programa do Artesanato da Para\u00edba, Marielza Rodriguez, destacou que a proje\u00e7\u00e3o do artesanato paraibano significa o reconhecimento de um trabalho que tem se consolidado pela qualidade, sem abrir m\u00e3o da identidade. \u201cAl\u00e9m disso, essa reportagem mostra que o artesanato do nosso Estado n\u00e3o \u00e9 apenas cultura, gera\u00e7\u00e3o de renda para centenas de fam\u00edlias, mas engajamento na luta da sociedade em momentos dif\u00edceis, como este que a humanidade est\u00e1 vivendo\u201d, acrescentou.<\/p>\n\n\n\n<p>A reportagem da GloboNews j\u00e1 est\u00e1 sendo comemorada pelas rendeiras, como Maria Regina Gomes, de S\u00e3o Sebasti\u00e3o de Umbuzeiro. \u201cJ\u00e1 recebemos muitos telefonemas, tanto com encomendas como elogiando o nosso trabalho. Estou no grupo do WhatsApp \u2018Somos todas Para\u00edba\u2019 e posso garantir que todo mundo est\u00e1 muito feliz\u201d, comemorou.<\/p>\n\n\n\n<p>\u201cCada uma de n\u00f3s produz cerca de dez m\u00e1scaras por dia, isso porque a renda renascen\u00e7a exige um trabalho muito dedicado, muito bem feito\u201d, destacou a artes\u00e3.<\/p>\n\n\n\n<p>Para encomendas, os telefones s\u00e3o os seguintes: (83) 9 9911-2909\/9 9960-4851 e 9 9629-3688.<\/p>\n\n\n\n<p>O trabalho desenvolvido pelo Governo do Estado conta tamb\u00e9m com a parceria do Sebrae. A gerente do Sebrae-Cariri, Madalena Arruda, ressaltou a import\u00e2ncia da parceria. \u201cEsse trabalho \u00e9 fruto das atitudes empreendedoras que as rendeiras j\u00e1 v\u00eam desenvolvendo, ou seja, est\u00e3o respondendo ao chamado\u201d, comentou.<\/p>\n\n\n\n<p><strong>Tradi\u00e7\u00e3o<\/strong>&nbsp;\u2013 De acordo com o Programa do Artesanato da Para\u00edba, s\u00e3o cerca de 3 mil rendeiras que trabalham com a renda renascen\u00e7a no Cariri paraibano, divididas em cinco munic\u00edpios: Camala\u00fa, Monteiro, S\u00e3o Jo\u00e3o do Tigre, S\u00e3o Sebasti\u00e3o de Umbuzeiro e Zabel\u00ea.<\/p>\n\n\n\n<p>Algumas das rendeiras est\u00e3o em associa\u00e7\u00f5es e cooperativas, que juntas formam o ConaRenda, um conselho que conta com a diretoria das pr\u00f3prias artes\u00e3s, em parceria com o Projeto de Desenvolvimento Sustent\u00e1vel do Cariri, Serid\u00f3 e Curimata\u00fa (Procase), Sebrae e as prefeituras desses cinco munic\u00edpios.<\/p>\n","protected":false},"excerpt":{"rendered":"<p>&nbsp;confec\u00e7\u00e3o de m\u00e1scaras de prote\u00e7\u00e3o contra o novo coronav\u00edrus por rendeiras do Cariri paraibano, que integram o Programa do Artesanato da Para\u00edba (PAP), foi destaque&hellip; <\/p>\n","protected":false},"author":2,"featured_media":165370,"comment_status":"closed","ping_status":"closed","sticky":false,"template":"","format":"standard","meta":{"sfsi_plus_gutenberg_text_before_share":"","sfsi_plus_gutenberg_show_text_before_share":"","sfsi_plus_gutenberg_icon_type":"","sfsi_plus_gutenberg_icon_alignemt":"","sfsi_plus_gutenburg_max_per_row":"","footnotes":""},"categories":[2],"tags":[],"class_list":["post-165369","post","type-post","status-publish","format-standard","has-post-thumbnail","hentry","category-geral"],"_links":{"self":[{"href":"https:\/\/www.caririemacao.com\/1\/wp-json\/wp\/v2\/posts\/165369","targetHints":{"allow":["GET"]}}],"collection":[{"href":"https:\/\/www.caririemacao.com\/1\/wp-json\/wp\/v2\/posts"}],"about":[{"href":"https:\/\/www.caririemacao.com\/1\/wp-json\/wp\/v2\/types\/post"}],"author":[{"embeddable":true,"href":"https:\/\/www.caririemacao.com\/1\/wp-json\/wp\/v2\/users\/2"}],"replies":[{"embeddable":true,"href":"https:\/\/www.caririemacao.com\/1\/wp-json\/wp\/v2\/comments?post=165369"}],"version-history":[{"count":1,"href":"https:\/\/www.caririemacao.com\/1\/wp-json\/wp\/v2\/posts\/165369\/revisions"}],"predecessor-version":[{"id":165371,"href":"https:\/\/www.caririemacao.com\/1\/wp-json\/wp\/v2\/posts\/165369\/revisions\/165371"}],"wp:featuredmedia":[{"embeddable":true,"href":"https:\/\/www.caririemacao.com\/1\/wp-json\/wp\/v2\/media\/165370"}],"wp:attachment":[{"href":"https:\/\/www.caririemacao.com\/1\/wp-json\/wp\/v2\/media?parent=165369"}],"wp:term":[{"taxonomy":"category","embeddable":true,"href":"https:\/\/www.caririemacao.com\/1\/wp-json\/wp\/v2\/categories?post=165369"},{"taxonomy":"post_tag","embeddable":true,"href":"https:\/\/www.caririemacao.com\/1\/wp-json\/wp\/v2\/tags?post=165369"}],"curies":[{"name":"wp","href":"https:\/\/api.w.org\/{rel}","templated":true}]}}