{"id":165396,"date":"2020-04-22T15:01:42","date_gmt":"2020-04-22T18:01:42","guid":{"rendered":"http:\/\/www.caririemacao.com\/1\/?p=165396"},"modified":"2020-04-22T15:01:43","modified_gmt":"2020-04-22T18:01:43","slug":"joao-azevedo-altera-decreto-de-calamidade-e-desobriga-empresarios-a-bancar-mascaras-para-cada-cliente","status":"publish","type":"post","link":"https:\/\/www.caririemacao.com\/1\/2020\/04\/22\/joao-azevedo-altera-decreto-de-calamidade-e-desobriga-empresarios-a-bancar-mascaras-para-cada-cliente\/","title":{"rendered":"Jo\u00e3o Azevedo altera decreto de calamidade e desobriga empres\u00e1rios a bancar m\u00e1scaras para cada cliente"},"content":{"rendered":"\n<p>O governador da Para\u00edba Jo\u00e3o Azev\u00eado (Cidadania) alterou o decreto de calamidade p\u00fablica na Para\u00edba em decorr\u00eancia de pandemia do novo coronav\u00edrus. O decreto foi publicado no Di\u00e1rio Oficial desta ter\u00e7a-feira 21 de abril. No artigo 2\u00ba,\u00a0\u00a0os estabelecimentos autorizados a funcionar ficam obrigados a fornecer m\u00e1scaras para todos os seus empregados, prestadores de servi\u00e7o e colaboradores,<br>Ficou determinado que\u00a0\u00a0os estabelecimentos ser\u00e3o fiscalizados pelo PROCON, pelos \u00f3rg\u00e3os de Vigil\u00e2ncia Sanit\u00e1ria Estadual e municipais e pela Pol\u00edcia Militar do Estado da Para\u00edba e o descumprimento sujeitar\u00e1 o estabelecimento \u00e0 aplica\u00e7\u00e3o de multa e poder\u00e1 implicar no fechamento, em caso de reincid\u00eancia.<\/p>\n\n\n\n<p><br>O n\u00famero de casos de coronav\u00edrus na Para\u00edba continuam aumentando. No \u00faltimo Boletim da Secret\u00e1ria de Sa\u00fade divulgado no final da tarde desta segunda-feira (20), dos 263 casos confirmados at\u00e9 este domingo, 19 de abril, 116 j\u00e1 se recuperaram, 39 est\u00e3o hospitalizados, 10 deles em leitos de UTI e 33, infelizmente, faleceram.<\/p>\n\n\n\n<p><br>Os demais se recuperam em isolamento domiciliar acompanhados pelas secretarias municipais de sa\u00fade.<br>Os casos est\u00e3o distribu\u00eddos em 19 munic\u00edpios: Jo\u00e3o Pessoa (185), Santa Rita (20), Campina Grande (12), Cabedelo (11), Bayeux (9), Patos (8), Junco do Serid\u00f3 (3), Pombal (2), Serra Branca (1), Sap\u00e9 (3),\u00a0\u00a0Sousa (1), Igaracy (1), Tapero\u00e1 (1), S\u00e3o Jo\u00e3o do Rio do Peixe (1), Riach\u00e3o do Po\u00e7o (1), S\u00e3o Bento (1), Congo (1), Queimadas (1), Bom Jesus (1).<\/p>\n\n\n\n<p><br>Com a decis\u00e3o, fica permitida a edi\u00e7\u00e3o de atos normativos necess\u00e1rios \u00e0 regulamenta\u00e7\u00e3o e execu\u00e7\u00e3o dos atos administrativos., e as autoridades de sa\u00fade ficam autorizadas a adotar medidas excepcionais necess\u00e1rias para combater \u00e0 dissemina\u00e7\u00e3o do Covid-19 em todo territ\u00f3rio paraibano.<br>Confira o decreto a seguir:<br><a href=\"https:\/\/1.bp.blogspot.com\/-9FXU6YhtPvU\/Xp8mHA7DIbI\/AAAAAAABMBE\/qJR3vTQJ2Zw95BeUomZ8yHWHJoRiroTvACLcBGAsYHQ\/s1600\/diario-oficial-21-04-2020-01.jpg\"><\/a><br>Click PB<br><\/p>\n","protected":false},"excerpt":{"rendered":"<p>O governador da Para\u00edba Jo\u00e3o Azev\u00eado (Cidadania) alterou o decreto de calamidade p\u00fablica na Para\u00edba em decorr\u00eancia de pandemia do novo coronav\u00edrus. O decreto foi&hellip; <\/p>\n","protected":false},"author":1,"featured_media":165397,"comment_status":"closed","ping_status":"closed","sticky":false,"template":"","format":"standard","meta":{"sfsi_plus_gutenberg_text_before_share":"","sfsi_plus_gutenberg_show_text_before_share":"","sfsi_plus_gutenberg_icon_type":"","sfsi_plus_gutenberg_icon_alignemt":"","sfsi_plus_gutenburg_max_per_row":"","footnotes":""},"categories":[16],"tags":[],"class_list":["post-165396","post","type-post","status-publish","format-standard","has-post-thumbnail","hentry","category-saude"],"_links":{"self":[{"href":"https:\/\/www.caririemacao.com\/1\/wp-json\/wp\/v2\/posts\/165396","targetHints":{"allow":["GET"]}}],"collection":[{"href":"https:\/\/www.caririemacao.com\/1\/wp-json\/wp\/v2\/posts"}],"about":[{"href":"https:\/\/www.caririemacao.com\/1\/wp-json\/wp\/v2\/types\/post"}],"author":[{"embeddable":true,"href":"https:\/\/www.caririemacao.com\/1\/wp-json\/wp\/v2\/users\/1"}],"replies":[{"embeddable":true,"href":"https:\/\/www.caririemacao.com\/1\/wp-json\/wp\/v2\/comments?post=165396"}],"version-history":[{"count":1,"href":"https:\/\/www.caririemacao.com\/1\/wp-json\/wp\/v2\/posts\/165396\/revisions"}],"predecessor-version":[{"id":165398,"href":"https:\/\/www.caririemacao.com\/1\/wp-json\/wp\/v2\/posts\/165396\/revisions\/165398"}],"wp:featuredmedia":[{"embeddable":true,"href":"https:\/\/www.caririemacao.com\/1\/wp-json\/wp\/v2\/media\/165397"}],"wp:attachment":[{"href":"https:\/\/www.caririemacao.com\/1\/wp-json\/wp\/v2\/media?parent=165396"}],"wp:term":[{"taxonomy":"category","embeddable":true,"href":"https:\/\/www.caririemacao.com\/1\/wp-json\/wp\/v2\/categories?post=165396"},{"taxonomy":"post_tag","embeddable":true,"href":"https:\/\/www.caririemacao.com\/1\/wp-json\/wp\/v2\/tags?post=165396"}],"curies":[{"name":"wp","href":"https:\/\/api.w.org\/{rel}","templated":true}]}}