{"id":165402,"date":"2020-04-22T15:05:28","date_gmt":"2020-04-22T18:05:28","guid":{"rendered":"http:\/\/www.caririemacao.com\/1\/?p=165402"},"modified":"2020-04-22T18:01:52","modified_gmt":"2020-04-22T21:01:52","slug":"abertas-inscricoes-em-selecao-com-256-vagas-para-auxiliar-de-servicos-gerais-na-paraiba","status":"publish","type":"post","link":"https:\/\/www.caririemacao.com\/1\/2020\/04\/22\/abertas-inscricoes-em-selecao-com-256-vagas-para-auxiliar-de-servicos-gerais-na-paraiba\/","title":{"rendered":"Abertas inscri\u00e7\u00f5es em sele\u00e7\u00e3o com 256 vagas para auxiliar de servi\u00e7os gerais, na Para\u00edba"},"content":{"rendered":"\n<p>Est\u00e3o abertas a partir desta ter\u00e7a-feira (21) as inscri\u00e7\u00f5es para o cargo de auxiliar de servi\u00e7os gerais prestarem servi\u00e7o nas unidades hospitalares e unidade de pronto-atendimento no combate ao coronav\u00edrus (Covid-19). S\u00e3o oferecidas 256 vagas, conforme edital de car\u00e1ter emergencial publicado no Di\u00e1rio Oficial do Estado (DOE).<\/p>\n\n\n\n<p><br>As inscri\u00e7\u00f5es seguem at\u00e9 a quinta-feira (23) e devem ser feitas exclusivamente pela internet, por meio do Portal da Cidadania. A rela\u00e7\u00e3o final com os candidatos aprovados j\u00e1 deve ser divulgada no dia 29 de abril.<\/p>\n\n\n\n<p><br>A sele\u00e7\u00e3o \u00e9 para profissionais de n\u00edvel de ensino fundamental I. Ser\u00e3o classificados candidatos correspondentes a tr\u00eas vezes o n\u00famero de vagas ofertadas. O cntrato de presta\u00e7\u00e3o de servi\u00e7os ter\u00e1 a validade de 90 dias, podendo ser prorrogado por igual per\u00edodo a contar da data da sua assinatura a crit\u00e9rio da necessidade da Administra\u00e7\u00e3o P\u00fablica.<\/p>\n\n\n\n<p><br>Os selecionados v\u00e3o atuar no Clementino Fraga, na Maternidade Frei Dami\u00e3o, ambos em Jo\u00e3o Pessoa, no Hospital Metropolitano de Santa Rita, nas UPAs de Santa Rita e Guarabira, no Hospital de Trauma de Campina Grande, no Hospital Regional de Patos, no Hospital Regional de Cajazeiras e nas UPAs de Cajazeiras e Princesa Isabel. O trabalho \u00e9 de 40 horas semanais e a remunera\u00e7\u00e3o \u00e9 de R$ 1.149,50.<br>G1 PB<\/p>\n","protected":false},"excerpt":{"rendered":"<p>Est\u00e3o abertas a partir desta ter\u00e7a-feira (21) as inscri\u00e7\u00f5es para o cargo de auxiliar de servi\u00e7os gerais prestarem servi\u00e7o nas unidades hospitalares e unidade de&hellip; <\/p>\n","protected":false},"author":1,"featured_media":165403,"comment_status":"closed","ping_status":"closed","sticky":false,"template":"","format":"standard","meta":{"sfsi_plus_gutenberg_text_before_share":"","sfsi_plus_gutenberg_show_text_before_share":"","sfsi_plus_gutenberg_icon_type":"","sfsi_plus_gutenberg_icon_alignemt":"","sfsi_plus_gutenburg_max_per_row":"","footnotes":""},"categories":[50],"tags":[],"class_list":["post-165402","post","type-post","status-publish","format-standard","has-post-thumbnail","hentry","category-destaque"],"_links":{"self":[{"href":"https:\/\/www.caririemacao.com\/1\/wp-json\/wp\/v2\/posts\/165402","targetHints":{"allow":["GET"]}}],"collection":[{"href":"https:\/\/www.caririemacao.com\/1\/wp-json\/wp\/v2\/posts"}],"about":[{"href":"https:\/\/www.caririemacao.com\/1\/wp-json\/wp\/v2\/types\/post"}],"author":[{"embeddable":true,"href":"https:\/\/www.caririemacao.com\/1\/wp-json\/wp\/v2\/users\/1"}],"replies":[{"embeddable":true,"href":"https:\/\/www.caririemacao.com\/1\/wp-json\/wp\/v2\/comments?post=165402"}],"version-history":[{"count":2,"href":"https:\/\/www.caririemacao.com\/1\/wp-json\/wp\/v2\/posts\/165402\/revisions"}],"predecessor-version":[{"id":165418,"href":"https:\/\/www.caririemacao.com\/1\/wp-json\/wp\/v2\/posts\/165402\/revisions\/165418"}],"wp:featuredmedia":[{"embeddable":true,"href":"https:\/\/www.caririemacao.com\/1\/wp-json\/wp\/v2\/media\/165403"}],"wp:attachment":[{"href":"https:\/\/www.caririemacao.com\/1\/wp-json\/wp\/v2\/media?parent=165402"}],"wp:term":[{"taxonomy":"category","embeddable":true,"href":"https:\/\/www.caririemacao.com\/1\/wp-json\/wp\/v2\/categories?post=165402"},{"taxonomy":"post_tag","embeddable":true,"href":"https:\/\/www.caririemacao.com\/1\/wp-json\/wp\/v2\/tags?post=165402"}],"curies":[{"name":"wp","href":"https:\/\/api.w.org\/{rel}","templated":true}]}}