{"id":165408,"date":"2020-04-22T15:11:08","date_gmt":"2020-04-22T18:11:08","guid":{"rendered":"http:\/\/www.caririemacao.com\/1\/?p=165408"},"modified":"2020-04-22T15:11:09","modified_gmt":"2020-04-22T18:11:09","slug":"professor-amparense-desenvolve-horta-experimental-usando-materiais-reutilizaveis","status":"publish","type":"post","link":"https:\/\/www.caririemacao.com\/1\/2020\/04\/22\/professor-amparense-desenvolve-horta-experimental-usando-materiais-reutilizaveis\/","title":{"rendered":"Professor Amparense desenvolve Horta Experimental usando materiais reutiliz\u00e1veis"},"content":{"rendered":"\n<p>O professor Amparense da Rede Estadual de Ensino Eraldo Eronides Maciel, desenvolveu em parceria com a Escola Estadual de Amparo e com a Secretaria Municipal de Educa\u00e7\u00e3o do munic\u00edpio, uma Horta Experimental, instalada nas depend\u00eancias do col\u00e9gio Ildefonso Anselmo da Silva.<\/p>\n\n\n\n<p><br>Segundo o professor, a horta foi constru\u00edda de acordo com princ\u00edpios da permacultura, utilizando materiais de reuso e que ir\u00e1 auxiliar no processo de ensino aprendizagem dos alunos, permitindo desde a an\u00e1lise de solo at\u00e9 a observa\u00e7\u00e3o da evolu\u00e7\u00e3o dos modos de produ\u00e7\u00e3o e que ira atender alunos das mais diferentes esferas de ensino. Ainda, segundo o professor, a horta ser\u00e1 irrigada pela \u00e1gua de reuso dos ar-condicionados e do bebedouro, utilizando uma \u00e1gua que antes era desperdi\u00e7ada.<\/p>\n\n\n\n<p><br>A ideia da horta surgiu ano passado, quando o professor em quest\u00e3o participou do Programa Gira Mundo Israel do Governo do Estado, onde passou um m\u00eas na regi\u00e3o do Neguev (Israel), tendo contato com diversas tecnologias de adapta\u00e7\u00e3o e viv\u00eancia em regi\u00f5es de baixa pluviosidade.<\/p>\n\n\n\n<p><br>O professor agradeceu imensamente a disponibilidade da Prefeitura Municipal e da Secretaria Municipal de Educa\u00e7\u00e3o, na pessoa da secret\u00e1ria Fabiana Feitosa, em participar do projeto, bem como o aux\u00edlio do professor Mateus Soares e dos auxiliares Novo Pereira e Marcos Andr\u00e9 que participaram diretamente do processo de constru\u00e7\u00e3o da horta.<br><br><\/p>\n\n\n\n<p>Amparo Ligado com Professor Eraldo<\/p>\n","protected":false},"excerpt":{"rendered":"<p>O professor Amparense da Rede Estadual de Ensino Eraldo Eronides Maciel, desenvolveu em parceria com a Escola Estadual de Amparo e com a Secretaria Municipal&hellip; <\/p>\n","protected":false},"author":1,"featured_media":165409,"comment_status":"closed","ping_status":"closed","sticky":false,"template":"","format":"standard","meta":{"sfsi_plus_gutenberg_text_before_share":"","sfsi_plus_gutenberg_show_text_before_share":"","sfsi_plus_gutenberg_icon_type":"","sfsi_plus_gutenberg_icon_alignemt":"","sfsi_plus_gutenburg_max_per_row":"","footnotes":""},"categories":[6,50],"tags":[],"class_list":["post-165408","post","type-post","status-publish","format-standard","has-post-thumbnail","hentry","category-cidades","category-destaque"],"_links":{"self":[{"href":"https:\/\/www.caririemacao.com\/1\/wp-json\/wp\/v2\/posts\/165408","targetHints":{"allow":["GET"]}}],"collection":[{"href":"https:\/\/www.caririemacao.com\/1\/wp-json\/wp\/v2\/posts"}],"about":[{"href":"https:\/\/www.caririemacao.com\/1\/wp-json\/wp\/v2\/types\/post"}],"author":[{"embeddable":true,"href":"https:\/\/www.caririemacao.com\/1\/wp-json\/wp\/v2\/users\/1"}],"replies":[{"embeddable":true,"href":"https:\/\/www.caririemacao.com\/1\/wp-json\/wp\/v2\/comments?post=165408"}],"version-history":[{"count":1,"href":"https:\/\/www.caririemacao.com\/1\/wp-json\/wp\/v2\/posts\/165408\/revisions"}],"predecessor-version":[{"id":165410,"href":"https:\/\/www.caririemacao.com\/1\/wp-json\/wp\/v2\/posts\/165408\/revisions\/165410"}],"wp:featuredmedia":[{"embeddable":true,"href":"https:\/\/www.caririemacao.com\/1\/wp-json\/wp\/v2\/media\/165409"}],"wp:attachment":[{"href":"https:\/\/www.caririemacao.com\/1\/wp-json\/wp\/v2\/media?parent=165408"}],"wp:term":[{"taxonomy":"category","embeddable":true,"href":"https:\/\/www.caririemacao.com\/1\/wp-json\/wp\/v2\/categories?post=165408"},{"taxonomy":"post_tag","embeddable":true,"href":"https:\/\/www.caririemacao.com\/1\/wp-json\/wp\/v2\/tags?post=165408"}],"curies":[{"name":"wp","href":"https:\/\/api.w.org\/{rel}","templated":true}]}}