{"id":165411,"date":"2020-04-22T15:12:43","date_gmt":"2020-04-22T18:12:43","guid":{"rendered":"http:\/\/www.caririemacao.com\/1\/?p=165411"},"modified":"2020-04-22T15:12:44","modified_gmt":"2020-04-22T18:12:44","slug":"prefeito-inacio-nobrega-prorroga-decreto-sobre-medidas-de-combate-ao-covid19","status":"publish","type":"post","link":"https:\/\/www.caririemacao.com\/1\/2020\/04\/22\/prefeito-inacio-nobrega-prorroga-decreto-sobre-medidas-de-combate-ao-covid19\/","title":{"rendered":"Prefeito In\u00e1cio N\u00f3brega prorroga decreto sobre medidas de combate ao Covid19"},"content":{"rendered":"\n<p>O Prefeito In\u00e1cio N\u00f3brega confirmou a prorroga\u00e7\u00e3o de todos os decretos anteriores j\u00e1 publicados, atrav\u00e9s do decreto No 011, mantendo todas as determina\u00e7\u00f5es em rela\u00e7\u00e3o \u00e1s medidas de preven\u00e7\u00e3o contra o coronav\u00edrus.<\/p>\n\n\n\n<p><br>A decis\u00e3o oficializa a preocupa\u00e7\u00e3o da gest\u00e3o municipal com o bem estar e a sa\u00fade de todos os mun\u00edcipes evitando que o v\u00edrus entre e se prolifere no munic\u00edpio do Amparo.<\/p>\n\n\n\n<p><br>\u201cEstamos agindo de acordo com as autoridades de sa\u00fade a n\u00edvel estadual e seguindo todas as orienta\u00e7\u00f5es da Organiza\u00e7\u00e3o Mundial de Sa\u00fade e pensando sempre no melhor para o nosso povo\u201d, afirmou o prefeito In\u00e1cio N\u00f3brega.<\/p>\n\n\n\n<p><br>Com Ascom<\/p>\n","protected":false},"excerpt":{"rendered":"<p>O Prefeito In\u00e1cio N\u00f3brega confirmou a prorroga\u00e7\u00e3o de todos os decretos anteriores j\u00e1 publicados, atrav\u00e9s do decreto No 011, mantendo todas as determina\u00e7\u00f5es em rela\u00e7\u00e3o&hellip; <\/p>\n","protected":false},"author":1,"featured_media":165412,"comment_status":"closed","ping_status":"closed","sticky":false,"template":"","format":"standard","meta":{"sfsi_plus_gutenberg_text_before_share":"","sfsi_plus_gutenberg_show_text_before_share":"","sfsi_plus_gutenberg_icon_type":"","sfsi_plus_gutenberg_icon_alignemt":"","sfsi_plus_gutenburg_max_per_row":"","footnotes":""},"categories":[6,50],"tags":[],"class_list":["post-165411","post","type-post","status-publish","format-standard","has-post-thumbnail","hentry","category-cidades","category-destaque"],"_links":{"self":[{"href":"https:\/\/www.caririemacao.com\/1\/wp-json\/wp\/v2\/posts\/165411","targetHints":{"allow":["GET"]}}],"collection":[{"href":"https:\/\/www.caririemacao.com\/1\/wp-json\/wp\/v2\/posts"}],"about":[{"href":"https:\/\/www.caririemacao.com\/1\/wp-json\/wp\/v2\/types\/post"}],"author":[{"embeddable":true,"href":"https:\/\/www.caririemacao.com\/1\/wp-json\/wp\/v2\/users\/1"}],"replies":[{"embeddable":true,"href":"https:\/\/www.caririemacao.com\/1\/wp-json\/wp\/v2\/comments?post=165411"}],"version-history":[{"count":1,"href":"https:\/\/www.caririemacao.com\/1\/wp-json\/wp\/v2\/posts\/165411\/revisions"}],"predecessor-version":[{"id":165413,"href":"https:\/\/www.caririemacao.com\/1\/wp-json\/wp\/v2\/posts\/165411\/revisions\/165413"}],"wp:featuredmedia":[{"embeddable":true,"href":"https:\/\/www.caririemacao.com\/1\/wp-json\/wp\/v2\/media\/165412"}],"wp:attachment":[{"href":"https:\/\/www.caririemacao.com\/1\/wp-json\/wp\/v2\/media?parent=165411"}],"wp:term":[{"taxonomy":"category","embeddable":true,"href":"https:\/\/www.caririemacao.com\/1\/wp-json\/wp\/v2\/categories?post=165411"},{"taxonomy":"post_tag","embeddable":true,"href":"https:\/\/www.caririemacao.com\/1\/wp-json\/wp\/v2\/tags?post=165411"}],"curies":[{"name":"wp","href":"https:\/\/api.w.org\/{rel}","templated":true}]}}