{"id":165419,"date":"2020-04-22T23:51:47","date_gmt":"2020-04-23T02:51:47","guid":{"rendered":"http:\/\/www.caririemacao.com\/1\/?p=165419"},"modified":"2020-04-22T23:51:49","modified_gmt":"2020-04-23T02:51:49","slug":"governo-recua-e-nao-vai-antecipar-segunda-parcela-do-auxilio-de-r-600","status":"publish","type":"post","link":"https:\/\/www.caririemacao.com\/1\/2020\/04\/22\/governo-recua-e-nao-vai-antecipar-segunda-parcela-do-auxilio-de-r-600\/","title":{"rendered":"Governo recua e n\u00e3o vai antecipar segunda parcela do aux\u00edlio de R$ 600"},"content":{"rendered":"\n<p>Ap\u00f3s anunciar a antecipa\u00e7\u00e3o da segunda parcela do&nbsp;aux\u00edlio\nemergencial de R$ 600&nbsp;a partir desta quinta-feira (23), o governo federal\nrecuou e n\u00e3o vai mais adiantar o pagamento. Segundo nota do Minist\u00e9rio da\nCidadania, o governo vai antes solicitar cr\u00e9dito suplementar para poder\ncompletar o atendimento a todos benefici\u00e1rios.<\/p>\n\n\n\n<p>&#8220;Cabe registrar que o recurso dispon\u00edvel para cada uma\ndas tr\u00eas parcelas \u00e9 de R$ 32,7 bilh\u00f5es, j\u00e1 foram transferidos R$ 31,3 bilh\u00f5es,\ne ainda ser\u00e3o avaliados cerca de 12 milh\u00f5es de cadastros para a primeira\nparcela&#8221;, afirmou a nota.<\/p>\n\n\n\n<p>A decis\u00e3o foi tomada ap\u00f3s recomenda\u00e7\u00e3o feita pela CGU\n(Controladoria Geral da Uni\u00e3o), por causa do risco de responsabilidade fiscal.<\/p>\n\n\n\n<p>&#8220;Por essa raz\u00e3o, o Minist\u00e9rio da Cidadania produziu\nnesta data uma nota t\u00e9cnica e j\u00e1 solicitou ao Minist\u00e9rio da Economia a previs\u00e3o\npara uma suplementa\u00e7\u00e3o or\u00e7amentaria o mais r\u00e1pido poss\u00edvel. Em virtude disso,\npor fatores legais e or\u00e7ament\u00e1rios, pelo alto n\u00famero de requerentes que ainda\nest\u00e3o em an\u00e1lise, estamos impedidos legalmente de fazer a antecipa\u00e7\u00e3o da\nsegunda parcela do aux\u00edlio-emergencial&#8221;, concluiu o texto.<\/p>\n\n\n\n<p>Ap\u00f3s a defini\u00e7\u00e3o da suplementa\u00e7\u00e3o or\u00e7ament\u00e1ria a ser feita\npelo Minist\u00e9rio da Economia, o Minist\u00e9rio da Cidadania vai completar o\natendimento da primeira parcela e anunciar o calend\u00e1rio de pagamento da segunda\nparcela do aux\u00edlio-emergencial no m\u00eas de maio.<\/p>\n\n\n\n<p><strong>Benef\u00edcios<\/strong><\/p>\n\n\n\n<p>A Caixa liberou at\u00e9 esta quarta-feira (22) mais de R$ 22\nbilh\u00f5es do aux\u00edlio para cerca de 31 milh\u00f5es de brasileiros e foram registrados\nmais de 45 milh\u00f5es de cadastros no aplicativo Caixa Aux\u00edlio Emergencial e no\nsite.<\/p>\n\n\n\n<p>A Dataprev j\u00e1 processou 32 milh\u00f5es de cadastros realizados\nde 7 a 10 de abril. Al\u00e9m disso, est\u00e3o sendo avaliados mais de 7 milh\u00f5es de\ncadastros realizados de 11 a 17 de abril, com previs\u00e3o de conclus\u00e3o at\u00e9 a\npr\u00f3xima sexta-feira (24).<\/p>\n","protected":false},"excerpt":{"rendered":"<p>Ap\u00f3s anunciar a antecipa\u00e7\u00e3o da segunda parcela do&nbsp;aux\u00edlio emergencial de R$ 600&nbsp;a partir desta quinta-feira (23), o governo federal recuou e n\u00e3o vai mais adiantar&hellip; <\/p>\n","protected":false},"author":1,"featured_media":165420,"comment_status":"closed","ping_status":"closed","sticky":false,"template":"","format":"standard","meta":{"sfsi_plus_gutenberg_text_before_share":"","sfsi_plus_gutenberg_show_text_before_share":"","sfsi_plus_gutenberg_icon_type":"","sfsi_plus_gutenberg_icon_alignemt":"","sfsi_plus_gutenburg_max_per_row":"","footnotes":""},"categories":[50,2],"tags":[],"class_list":["post-165419","post","type-post","status-publish","format-standard","has-post-thumbnail","hentry","category-destaque","category-geral"],"_links":{"self":[{"href":"https:\/\/www.caririemacao.com\/1\/wp-json\/wp\/v2\/posts\/165419","targetHints":{"allow":["GET"]}}],"collection":[{"href":"https:\/\/www.caririemacao.com\/1\/wp-json\/wp\/v2\/posts"}],"about":[{"href":"https:\/\/www.caririemacao.com\/1\/wp-json\/wp\/v2\/types\/post"}],"author":[{"embeddable":true,"href":"https:\/\/www.caririemacao.com\/1\/wp-json\/wp\/v2\/users\/1"}],"replies":[{"embeddable":true,"href":"https:\/\/www.caririemacao.com\/1\/wp-json\/wp\/v2\/comments?post=165419"}],"version-history":[{"count":1,"href":"https:\/\/www.caririemacao.com\/1\/wp-json\/wp\/v2\/posts\/165419\/revisions"}],"predecessor-version":[{"id":165421,"href":"https:\/\/www.caririemacao.com\/1\/wp-json\/wp\/v2\/posts\/165419\/revisions\/165421"}],"wp:featuredmedia":[{"embeddable":true,"href":"https:\/\/www.caririemacao.com\/1\/wp-json\/wp\/v2\/media\/165420"}],"wp:attachment":[{"href":"https:\/\/www.caririemacao.com\/1\/wp-json\/wp\/v2\/media?parent=165419"}],"wp:term":[{"taxonomy":"category","embeddable":true,"href":"https:\/\/www.caririemacao.com\/1\/wp-json\/wp\/v2\/categories?post=165419"},{"taxonomy":"post_tag","embeddable":true,"href":"https:\/\/www.caririemacao.com\/1\/wp-json\/wp\/v2\/tags?post=165419"}],"curies":[{"name":"wp","href":"https:\/\/api.w.org\/{rel}","templated":true}]}}