{"id":165423,"date":"2020-04-23T01:40:59","date_gmt":"2020-04-23T04:40:59","guid":{"rendered":"http:\/\/www.caririemacao.com\/1\/?p=165423"},"modified":"2020-04-23T01:41:01","modified_gmt":"2020-04-23T04:41:01","slug":"camalau-grupos-da-vigilancia-sanitaria-saude-e-acao-social-promovem-acao-em-combate-a-covid-19","status":"publish","type":"post","link":"https:\/\/www.caririemacao.com\/1\/2020\/04\/23\/camalau-grupos-da-vigilancia-sanitaria-saude-e-acao-social-promovem-acao-em-combate-a-covid-19\/","title":{"rendered":"Camala\u00fa: grupos da Vigil\u00e2ncia Sanit\u00e1ria, Sa\u00fade e A\u00e7\u00e3o Social promovem a\u00e7\u00e3o em combate a Covid-19"},"content":{"rendered":"\n<p>O munic\u00edpio de Camala\u00fa vem promovendo diversas a\u00e7\u00f5es de responsabilidade da atual gest\u00e3o municipal, em prol de toda a popula\u00e7\u00e3o camalauense.  <\/p>\n\n\n\n<p>Sendo assim, foram iniciadas h\u00e1 algumas semanas, a\u00e7\u00f5es em combate contra o novo coronav\u00edrus, como a desinfec\u00e7\u00e3o em pr\u00e9dios p\u00fablicos, em algumas ruas da cidade; entrega de m\u00e1scaras; orienta\u00e7\u00f5es a popula\u00e7\u00e3o pela equipe da Vigil\u00e2ncia Sanit\u00e1ria, e da equipe da Secretaria de A\u00e7\u00e3o Social e o grupo da Secretaria de Sa\u00fade. Onde estiveram entregando cestas b\u00e1sicas, panfletos e m\u00e1scaras para combater e prevenir o CIVID-19, Coronavirus. <\/p>\n\n\n\n<p>As a\u00e7\u00f5es vem ocorrendo ao longo das \u00faltimas semanas, para proteger e assegurar a sa\u00fade e bem estar de toda a popula\u00e7\u00e3o. <\/p>\n","protected":false},"excerpt":{"rendered":"<p>O munic\u00edpio de Camala\u00fa vem promovendo diversas a\u00e7\u00f5es de responsabilidade da atual gest\u00e3o municipal, em prol de toda a popula\u00e7\u00e3o camalauense. Sendo assim, foram iniciadas&hellip; <\/p>\n","protected":false},"author":1,"featured_media":165424,"comment_status":"closed","ping_status":"closed","sticky":false,"template":"","format":"standard","meta":{"sfsi_plus_gutenberg_text_before_share":"","sfsi_plus_gutenberg_show_text_before_share":"","sfsi_plus_gutenberg_icon_type":"","sfsi_plus_gutenberg_icon_alignemt":"","sfsi_plus_gutenburg_max_per_row":"","footnotes":""},"categories":[6,50],"tags":[],"class_list":["post-165423","post","type-post","status-publish","format-standard","has-post-thumbnail","hentry","category-cidades","category-destaque"],"_links":{"self":[{"href":"https:\/\/www.caririemacao.com\/1\/wp-json\/wp\/v2\/posts\/165423","targetHints":{"allow":["GET"]}}],"collection":[{"href":"https:\/\/www.caririemacao.com\/1\/wp-json\/wp\/v2\/posts"}],"about":[{"href":"https:\/\/www.caririemacao.com\/1\/wp-json\/wp\/v2\/types\/post"}],"author":[{"embeddable":true,"href":"https:\/\/www.caririemacao.com\/1\/wp-json\/wp\/v2\/users\/1"}],"replies":[{"embeddable":true,"href":"https:\/\/www.caririemacao.com\/1\/wp-json\/wp\/v2\/comments?post=165423"}],"version-history":[{"count":1,"href":"https:\/\/www.caririemacao.com\/1\/wp-json\/wp\/v2\/posts\/165423\/revisions"}],"predecessor-version":[{"id":165425,"href":"https:\/\/www.caririemacao.com\/1\/wp-json\/wp\/v2\/posts\/165423\/revisions\/165425"}],"wp:featuredmedia":[{"embeddable":true,"href":"https:\/\/www.caririemacao.com\/1\/wp-json\/wp\/v2\/media\/165424"}],"wp:attachment":[{"href":"https:\/\/www.caririemacao.com\/1\/wp-json\/wp\/v2\/media?parent=165423"}],"wp:term":[{"taxonomy":"category","embeddable":true,"href":"https:\/\/www.caririemacao.com\/1\/wp-json\/wp\/v2\/categories?post=165423"},{"taxonomy":"post_tag","embeddable":true,"href":"https:\/\/www.caririemacao.com\/1\/wp-json\/wp\/v2\/tags?post=165423"}],"curies":[{"name":"wp","href":"https:\/\/api.w.org\/{rel}","templated":true}]}}