{"id":165426,"date":"2020-04-23T01:44:16","date_gmt":"2020-04-23T04:44:16","guid":{"rendered":"http:\/\/www.caririemacao.com\/1\/?p=165426"},"modified":"2020-04-23T01:44:17","modified_gmt":"2020-04-23T04:44:17","slug":"camalau-secretaria-de-trabalho-e-acao-social-promove-acao-para-cadastrar-e-tirar-duvidas-sobre-auxilio-emergencial","status":"publish","type":"post","link":"https:\/\/www.caririemacao.com\/1\/2020\/04\/23\/camalau-secretaria-de-trabalho-e-acao-social-promove-acao-para-cadastrar-e-tirar-duvidas-sobre-auxilio-emergencial\/","title":{"rendered":"Camala\u00fa: Secretaria de Trabalho e A\u00e7\u00e3o Social promove a\u00e7\u00e3o para cadastrar e tirar d\u00favidas sobre Aux\u00edlio Emergencial"},"content":{"rendered":"\n<p>Preocupado com a situa\u00e7\u00e3o das fam\u00edlias mais necessitadas que est\u00e3o tendo dificuldades para se cadastrar no programa do benef\u00edcio federal apelidado de CORONAVOUCHER, o prefeito de Camala\u00fa Sandro M\u00f4co articulou uma grande a\u00e7\u00e3o de orienta\u00e7\u00e3o.<\/p>\n\n\n\n<p><br>Atrav\u00e9s da secretaria de trabalho e a\u00e7\u00e3o social, foi disponibilizada uma grande mobiliza\u00e7\u00e3o de atendimento a este p\u00fablico, onde funcion\u00e1rios e volunt\u00e1rios est\u00e3o atendendo para cadastrar e tirar todas as d\u00favidas sobre o Aux\u00edlio Emergencial.<br>\u201cSabemos que este valor que est\u00e1 sendo disponibilizado pelo governo federal, pode ser a \u00fanica renda que estas pessoas ter\u00e3o nos pr\u00f3ximos tr\u00eas meses devido \u00e0 esta crise, ent\u00e3o nada mais justo que ajudarmos nossos irm\u00e3os camalauenses\u201d, disse Sandro M\u00f4co.<\/p>\n\n\n\n<p><br>\u201cA equipe est\u00e1 \u00e0 disposi\u00e7\u00e3o para tirar todas as d\u00favidas, para que o m\u00e1ximo poss\u00edvel de fam\u00edlias tenham acesso a esta importante ajuda, que \u00e9 sua por direito\u201d, completou o gestor.<\/p>\n\n\n\n<p><br>Com F\u00c1BIO BRITO<br>FOTOS: TINDA OLIVEIRA<\/p>\n","protected":false},"excerpt":{"rendered":"<p>Preocupado com a situa\u00e7\u00e3o das fam\u00edlias mais necessitadas que est\u00e3o tendo dificuldades para se cadastrar no programa do benef\u00edcio federal apelidado de CORONAVOUCHER, o prefeito&hellip; <\/p>\n","protected":false},"author":1,"featured_media":165427,"comment_status":"closed","ping_status":"closed","sticky":false,"template":"","format":"standard","meta":{"sfsi_plus_gutenberg_text_before_share":"","sfsi_plus_gutenberg_show_text_before_share":"","sfsi_plus_gutenberg_icon_type":"","sfsi_plus_gutenberg_icon_alignemt":"","sfsi_plus_gutenburg_max_per_row":"","footnotes":""},"categories":[6,50],"tags":[],"class_list":["post-165426","post","type-post","status-publish","format-standard","has-post-thumbnail","hentry","category-cidades","category-destaque"],"_links":{"self":[{"href":"https:\/\/www.caririemacao.com\/1\/wp-json\/wp\/v2\/posts\/165426","targetHints":{"allow":["GET"]}}],"collection":[{"href":"https:\/\/www.caririemacao.com\/1\/wp-json\/wp\/v2\/posts"}],"about":[{"href":"https:\/\/www.caririemacao.com\/1\/wp-json\/wp\/v2\/types\/post"}],"author":[{"embeddable":true,"href":"https:\/\/www.caririemacao.com\/1\/wp-json\/wp\/v2\/users\/1"}],"replies":[{"embeddable":true,"href":"https:\/\/www.caririemacao.com\/1\/wp-json\/wp\/v2\/comments?post=165426"}],"version-history":[{"count":1,"href":"https:\/\/www.caririemacao.com\/1\/wp-json\/wp\/v2\/posts\/165426\/revisions"}],"predecessor-version":[{"id":165428,"href":"https:\/\/www.caririemacao.com\/1\/wp-json\/wp\/v2\/posts\/165426\/revisions\/165428"}],"wp:featuredmedia":[{"embeddable":true,"href":"https:\/\/www.caririemacao.com\/1\/wp-json\/wp\/v2\/media\/165427"}],"wp:attachment":[{"href":"https:\/\/www.caririemacao.com\/1\/wp-json\/wp\/v2\/media?parent=165426"}],"wp:term":[{"taxonomy":"category","embeddable":true,"href":"https:\/\/www.caririemacao.com\/1\/wp-json\/wp\/v2\/categories?post=165426"},{"taxonomy":"post_tag","embeddable":true,"href":"https:\/\/www.caririemacao.com\/1\/wp-json\/wp\/v2\/tags?post=165426"}],"curies":[{"name":"wp","href":"https:\/\/api.w.org\/{rel}","templated":true}]}}