{"id":165429,"date":"2020-04-23T01:46:16","date_gmt":"2020-04-23T04:46:16","guid":{"rendered":"http:\/\/www.caririemacao.com\/1\/?p=165429"},"modified":"2020-04-23T01:46:18","modified_gmt":"2020-04-23T04:46:18","slug":"acude-de-camalau-pode-sangrar-a-qualquer-momento-as-aguas-seguem-para-o-acude-de-boqueirao","status":"publish","type":"post","link":"https:\/\/www.caririemacao.com\/1\/2020\/04\/23\/acude-de-camalau-pode-sangrar-a-qualquer-momento-as-aguas-seguem-para-o-acude-de-boqueirao\/","title":{"rendered":"A\u00e7ude de Camala\u00fa pode sangrar a qualquer momento; as \u00e1guas seguem para o A\u00e7ude de Boqueir\u00e3o"},"content":{"rendered":"\n<p>O A\u00e7ude de Camala\u00fa est\u00e1 prestes a sangrar. De acordo com informa\u00e7\u00f5es apuradas pelo Blog do Bruno Lira, na noite desta quarta-feira (22), falta muito pouco para as \u00e1guas atingirem o n\u00edvel m\u00e1ximo.<\/p>\n\n\n\n<p>At\u00e9 \u00e0s 15h, faltavam 12 cent\u00edmetros para o a\u00e7ude sangrar. O vice-prefeito de Camala\u00fa, Ezequiel S\u00f3stenes, foi at\u00e9 o local e informou que a expectativa \u00e9 que o manancial transborde nas pr\u00f3ximas horas.<\/p>\n\n\n\n<p>As \u00e1guas do A\u00e7ude de Camala\u00fa seguem pela calha do Rio Para\u00edba para o A\u00e7ude de Boqueir\u00e3o que est\u00e1 com 63,57% de sua capacidade, faltando quatro metros para atingir o volume m\u00e1ximo.<\/p>\n\n\n\n<p>Com Bruno Lira<\/p>\n","protected":false},"excerpt":{"rendered":"<p>O A\u00e7ude de Camala\u00fa est\u00e1 prestes a sangrar. De acordo com informa\u00e7\u00f5es apuradas pelo Blog do Bruno Lira, na noite desta quarta-feira (22), falta muito&hellip; <\/p>\n","protected":false},"author":1,"featured_media":165430,"comment_status":"closed","ping_status":"closed","sticky":false,"template":"","format":"standard","meta":{"sfsi_plus_gutenberg_text_before_share":"","sfsi_plus_gutenberg_show_text_before_share":"","sfsi_plus_gutenberg_icon_type":"","sfsi_plus_gutenberg_icon_alignemt":"","sfsi_plus_gutenburg_max_per_row":"","footnotes":""},"categories":[6,50],"tags":[],"class_list":["post-165429","post","type-post","status-publish","format-standard","has-post-thumbnail","hentry","category-cidades","category-destaque"],"_links":{"self":[{"href":"https:\/\/www.caririemacao.com\/1\/wp-json\/wp\/v2\/posts\/165429","targetHints":{"allow":["GET"]}}],"collection":[{"href":"https:\/\/www.caririemacao.com\/1\/wp-json\/wp\/v2\/posts"}],"about":[{"href":"https:\/\/www.caririemacao.com\/1\/wp-json\/wp\/v2\/types\/post"}],"author":[{"embeddable":true,"href":"https:\/\/www.caririemacao.com\/1\/wp-json\/wp\/v2\/users\/1"}],"replies":[{"embeddable":true,"href":"https:\/\/www.caririemacao.com\/1\/wp-json\/wp\/v2\/comments?post=165429"}],"version-history":[{"count":1,"href":"https:\/\/www.caririemacao.com\/1\/wp-json\/wp\/v2\/posts\/165429\/revisions"}],"predecessor-version":[{"id":165431,"href":"https:\/\/www.caririemacao.com\/1\/wp-json\/wp\/v2\/posts\/165429\/revisions\/165431"}],"wp:featuredmedia":[{"embeddable":true,"href":"https:\/\/www.caririemacao.com\/1\/wp-json\/wp\/v2\/media\/165430"}],"wp:attachment":[{"href":"https:\/\/www.caririemacao.com\/1\/wp-json\/wp\/v2\/media?parent=165429"}],"wp:term":[{"taxonomy":"category","embeddable":true,"href":"https:\/\/www.caririemacao.com\/1\/wp-json\/wp\/v2\/categories?post=165429"},{"taxonomy":"post_tag","embeddable":true,"href":"https:\/\/www.caririemacao.com\/1\/wp-json\/wp\/v2\/tags?post=165429"}],"curies":[{"name":"wp","href":"https:\/\/api.w.org\/{rel}","templated":true}]}}