{"id":165437,"date":"2020-04-23T02:05:37","date_gmt":"2020-04-23T05:05:37","guid":{"rendered":"http:\/\/www.caririemacao.com\/1\/?p=165437"},"modified":"2020-04-23T02:05:39","modified_gmt":"2020-04-23T05:05:39","slug":"ouro-velho-prefeitura-instala-lavatorios-em-pontos-estrategicos-da-cidade-em-combate-a-covid-19","status":"publish","type":"post","link":"https:\/\/www.caririemacao.com\/1\/2020\/04\/23\/ouro-velho-prefeitura-instala-lavatorios-em-pontos-estrategicos-da-cidade-em-combate-a-covid-19\/","title":{"rendered":"Ouro Velho: Prefeitura  instala lavat\u00f3rios em pontos estrat\u00e9gicos da cidade em combate a Covid-19"},"content":{"rendered":"\n<p>A Prefeitura Municipal de Ouro Velho instalou lavat\u00f3rios em pontos estrat\u00e9gicos da cidade, para utiliza\u00e7\u00e3o do p\u00fablico em geral. \u00c9 mais uma a\u00e7\u00e3o do governo municipal no combate e enfrentamento ao coronav\u00edrus, que tem o objetivo de oferecer \u00e0s pessoas que frequentam esses locais, formas de higieniza\u00e7\u00e3o das m\u00e3os por serem um dos principais ve\u00edculos de contamina\u00e7\u00e3o da doen\u00e7a.<\/p>\n\n\n\n<p>Em conversa com a reda\u00e7\u00e3o do&nbsp;<strong>Pol\u00edtica Parahyba<\/strong>, o l\u00edder pol\u00edtico Dr J\u00fanior, fez um panorama das principais a\u00e7\u00f5es realizadas pela a prefeitura de Ouro Velho quanto a preven\u00e7\u00e3o da popula\u00e7\u00e3o ao Covid-19.<\/p>\n\n\n\n<p>\u201cNas \u00faltimas semanas a Prefeitura de Ouro Velho tem prestado um grande e importante servi\u00e7o de conscientiza\u00e7\u00e3o \u00e0 popula\u00e7\u00e3o quanto \u00e0 preven\u00e7\u00e3o da Covid-19, fixando normas e regras, bem como exercendo intensa fiscaliza\u00e7\u00e3o que visam ao enfrentamento e combate desta pandemia que vem assolando o mundo.\u201d Disse.<\/p>\n\n\n\n<figure class=\"wp-block-image\"><img decoding=\"async\" data-src=\"https:\/\/www.politicaparahyba.com.br\/wp-content\/uploads\/2020\/04\/FOTO-3-1-225x300.jpg\" alt=\"\" class=\"wp-image-21920 lazyload\" src=\"data:image\/svg+xml;base64,PHN2ZyB3aWR0aD0iMSIgaGVpZ2h0PSIxIiB4bWxucz0iaHR0cDovL3d3dy53My5vcmcvMjAwMC9zdmciPjwvc3ZnPg==\" style=\"--smush-placeholder-width: 225px; --smush-placeholder-aspect-ratio: 225\/300;\" \/><\/figure>\n\n\n\n<p>REDA\u00c7\u00c3O DO POL\u00cdTICA PARAHYBA<\/p>\n","protected":false},"excerpt":{"rendered":"<p>A Prefeitura Municipal de Ouro Velho instalou lavat\u00f3rios em pontos estrat\u00e9gicos da cidade, para utiliza\u00e7\u00e3o do p\u00fablico em geral. \u00c9 mais uma a\u00e7\u00e3o do governo&hellip; <\/p>\n","protected":false},"author":1,"featured_media":165440,"comment_status":"closed","ping_status":"closed","sticky":false,"template":"","format":"standard","meta":{"sfsi_plus_gutenberg_text_before_share":"","sfsi_plus_gutenberg_show_text_before_share":"","sfsi_plus_gutenberg_icon_type":"","sfsi_plus_gutenberg_icon_alignemt":"","sfsi_plus_gutenburg_max_per_row":"","footnotes":""},"categories":[6,50],"tags":[],"class_list":["post-165437","post","type-post","status-publish","format-standard","has-post-thumbnail","hentry","category-cidades","category-destaque"],"_links":{"self":[{"href":"https:\/\/www.caririemacao.com\/1\/wp-json\/wp\/v2\/posts\/165437","targetHints":{"allow":["GET"]}}],"collection":[{"href":"https:\/\/www.caririemacao.com\/1\/wp-json\/wp\/v2\/posts"}],"about":[{"href":"https:\/\/www.caririemacao.com\/1\/wp-json\/wp\/v2\/types\/post"}],"author":[{"embeddable":true,"href":"https:\/\/www.caririemacao.com\/1\/wp-json\/wp\/v2\/users\/1"}],"replies":[{"embeddable":true,"href":"https:\/\/www.caririemacao.com\/1\/wp-json\/wp\/v2\/comments?post=165437"}],"version-history":[{"count":1,"href":"https:\/\/www.caririemacao.com\/1\/wp-json\/wp\/v2\/posts\/165437\/revisions"}],"predecessor-version":[{"id":165441,"href":"https:\/\/www.caririemacao.com\/1\/wp-json\/wp\/v2\/posts\/165437\/revisions\/165441"}],"wp:featuredmedia":[{"embeddable":true,"href":"https:\/\/www.caririemacao.com\/1\/wp-json\/wp\/v2\/media\/165440"}],"wp:attachment":[{"href":"https:\/\/www.caririemacao.com\/1\/wp-json\/wp\/v2\/media?parent=165437"}],"wp:term":[{"taxonomy":"category","embeddable":true,"href":"https:\/\/www.caririemacao.com\/1\/wp-json\/wp\/v2\/categories?post=165437"},{"taxonomy":"post_tag","embeddable":true,"href":"https:\/\/www.caririemacao.com\/1\/wp-json\/wp\/v2\/tags?post=165437"}],"curies":[{"name":"wp","href":"https:\/\/api.w.org\/{rel}","templated":true}]}}