{"id":165448,"date":"2020-04-23T06:39:30","date_gmt":"2020-04-23T09:39:30","guid":{"rendered":"http:\/\/www.caririemacao.com\/1\/?p=165448"},"modified":"2020-04-23T06:39:33","modified_gmt":"2020-04-23T09:39:33","slug":"judiciario-libera-r-1-bilhao-em-beneficios-atrasados-do-inss","status":"publish","type":"post","link":"https:\/\/www.caririemacao.com\/1\/2020\/04\/23\/judiciario-libera-r-1-bilhao-em-beneficios-atrasados-do-inss\/","title":{"rendered":"Judici\u00e1rio libera R$ 1 bilh\u00e3o em benef\u00edcios atrasados do INSS"},"content":{"rendered":"\n<p>&nbsp;O CJF (Conselho da Justi\u00e7a Federal) informou nesta quarta-feira (22) a libera\u00e7\u00e3o de R$ 1,3 bilh\u00e3o para o pagamento das RPVs (Requisi\u00e7\u00f5es de Pequeno Valor) autuadas em mar\u00e7o para 160,7 mil benefici\u00e1rios.<\/p>\n\n\n\n<p>Do valor total destinado \u00e0s RPVs, cerca de R$ 1 bilh\u00e3o corresponde a mat\u00e9rias previdenci\u00e1rias e assistenciais, ou seja, revis\u00f5es e concess\u00f5es de aposentadorias, aux\u00edlios-doen\u00e7a, pens\u00f5es e outros benef\u00edcios do INSS.<\/p>\n\n\n\n<p>Entram neste lote de pagamentos 86,4 mil segurados do INSS que ganharam a\u00e7\u00f5es judiciais contra o \u00f3rg\u00e3o federal.<\/p>\n\n\n\n<p>RPV \u00e9 o nome da d\u00edvida judicial do governo federal que j\u00e1 possui ordem para pagamento. Para ser uma RPV, o valor pago n\u00e3o pode superar 60 sal\u00e1rios m\u00ednimos, o que corresponde a R$ 62.700 em 2020.<\/p>\n\n\n\n<p>As RPVs s\u00e3o liberadas pelo CJF no m\u00eas seguinte \u00e0 autua\u00e7\u00e3o (determina\u00e7\u00e3o do juiz para pagamento), e o dep\u00f3sito \u00e9 realizado em contas judiciais abertas pelos TRFs (Tribunais Regionais Federais) na Caixa e no Banco do Brasil. Todos os meses, portanto, h\u00e1 libera\u00e7\u00f5es de lotes de RPVs.<\/p>\n\n\n\n<p>Os pagamentos costumam estar dispon\u00edveis para saque em at\u00e9 uma semana ap\u00f3s a libera\u00e7\u00e3o, mas isso depende da capacidade de cada TRF para realizar o processo de confer\u00eancia e abertura de contas.<\/p>\n\n\n\n<p>O TRF da 3\u00aa Regi\u00e3o, respons\u00e1vel pelos estados de S\u00e3o Paulo e Mato Grosso do Sul, por exemplo, informou que sua expectativa \u00e9 concluir os pagamentos ainda nesta semana.<\/p>\n\n\n\n<p>Quando a d\u00edvida do \u00f3rg\u00e3o p\u00fablico federal \u00e9 superior a 60 sal\u00e1rios m\u00ednimos, a ordem de pagamento ganha o nome de precat\u00f3rio.<\/p>\n\n\n\n<p>Precat\u00f3rios federais s\u00e3o liberados apenas uma vez por ano, ou seja, em lote anual \u00fanico.<\/p>\n\n\n\n<p>\u00c9 comum que o lote de precat\u00f3rios seja pago em abril, mas, neste ano, o governo ainda n\u00e3o confirmou a data do repasse dos recursos.<\/p>\n\n\n\n<p>O dep\u00f3sito aos benefici\u00e1rios com precat\u00f3rios autuados at\u00e9 1\u00ba de julho de 2019 pode ocorrer at\u00e9 o fim deste ano, conforme o prazo legal.<\/p>\n\n\n\n<p>Para saber se teve uma RPV ou um precat\u00f3rio liberado, o benefici\u00e1rio deve consultar o seu advogado, caso tenha um, ou acessar o site do TRF da sua regi\u00e3o.<\/p>\n\n\n\n<p>Veja abaixo a rela\u00e7\u00e3o de TRFs e os valores correspondentes \u00e0s RPVs pagas neste m\u00eas:<br>TRF da 1\u00aa Regi\u00e3o (sede no DF, com jurisdi\u00e7\u00e3o no DF, MG, GO, TO, MT, BA, PI, MA, PA, AM, AC, RR, RO e AP)<br>Valor das RPVs pagas: R$ 429.530.264,47<br>Valor das RPVs previdenci\u00e1rias e assistenciais: R$ 345.183.964,19 (19.880 processos, com 22.320 benefici\u00e1rios)<\/p>\n\n\n\n<p>TRF da 2\u00aa Regi\u00e3o (sede no RJ, com jurisdi\u00e7\u00e3o no RJ e ES)<br>Valor das RPVs pagas: R$ 111.631.089,35<br>Valor das RPVs previdenci\u00e1rias e assistenciais: R$ 80.193.874,29 (4.767 processos, com 5.897 benefici\u00e1rios)<\/p>\n\n\n\n<p>TRF da 3\u00aa Regi\u00e3o (sede em SP, com jurisdi\u00e7\u00e3o em SP e MS)<br>Valor das RPVs pagas: R$ 203.824.727,51<br>Valor das RPVs previdenci\u00e1rias e assistenciais: R$ 166.584.220,90 (8.254 processos, com 9.711 benefici\u00e1rios)<\/p>\n\n\n\n<p>TRF da 4\u00aa Regi\u00e3o (sede no RS, com jurisdi\u00e7\u00e3o no RS, PR e SC)<br>Valor das RPVs pagas: R$ 357.567.388,51<br>Valor das RPVs previdenci\u00e1rias e assistenciais: R$ 298.416.169,11 (21.659 processos, com 26.650 benefici\u00e1rios)<\/p>\n\n\n\n<p>TRF da 5\u00aa Regi\u00e3o (sede em PE, com jurisdi\u00e7\u00e3o em PE, CE, AL, SE, RN e PB)<br>Valor das RPVs pagas: R$ 224.930.802,32<br>Valor das RPVs previdenci\u00e1rias e assistenciais: R$ 180.355.072,22 (14.225 processos, com 21.834 benefici\u00e1rios)<\/p>\n","protected":false},"excerpt":{"rendered":"<p>&nbsp;O CJF (Conselho da Justi\u00e7a Federal) informou nesta quarta-feira (22) a libera\u00e7\u00e3o de R$ 1,3 bilh\u00e3o para o pagamento das RPVs (Requisi\u00e7\u00f5es de Pequeno Valor)&hellip; <\/p>\n","protected":false},"author":2,"featured_media":165449,"comment_status":"closed","ping_status":"closed","sticky":false,"template":"","format":"standard","meta":{"sfsi_plus_gutenberg_text_before_share":"","sfsi_plus_gutenberg_show_text_before_share":"","sfsi_plus_gutenberg_icon_type":"","sfsi_plus_gutenberg_icon_alignemt":"","sfsi_plus_gutenburg_max_per_row":"","footnotes":""},"categories":[2],"tags":[],"class_list":["post-165448","post","type-post","status-publish","format-standard","has-post-thumbnail","hentry","category-geral"],"_links":{"self":[{"href":"https:\/\/www.caririemacao.com\/1\/wp-json\/wp\/v2\/posts\/165448","targetHints":{"allow":["GET"]}}],"collection":[{"href":"https:\/\/www.caririemacao.com\/1\/wp-json\/wp\/v2\/posts"}],"about":[{"href":"https:\/\/www.caririemacao.com\/1\/wp-json\/wp\/v2\/types\/post"}],"author":[{"embeddable":true,"href":"https:\/\/www.caririemacao.com\/1\/wp-json\/wp\/v2\/users\/2"}],"replies":[{"embeddable":true,"href":"https:\/\/www.caririemacao.com\/1\/wp-json\/wp\/v2\/comments?post=165448"}],"version-history":[{"count":1,"href":"https:\/\/www.caririemacao.com\/1\/wp-json\/wp\/v2\/posts\/165448\/revisions"}],"predecessor-version":[{"id":165450,"href":"https:\/\/www.caririemacao.com\/1\/wp-json\/wp\/v2\/posts\/165448\/revisions\/165450"}],"wp:featuredmedia":[{"embeddable":true,"href":"https:\/\/www.caririemacao.com\/1\/wp-json\/wp\/v2\/media\/165449"}],"wp:attachment":[{"href":"https:\/\/www.caririemacao.com\/1\/wp-json\/wp\/v2\/media?parent=165448"}],"wp:term":[{"taxonomy":"category","embeddable":true,"href":"https:\/\/www.caririemacao.com\/1\/wp-json\/wp\/v2\/categories?post=165448"},{"taxonomy":"post_tag","embeddable":true,"href":"https:\/\/www.caririemacao.com\/1\/wp-json\/wp\/v2\/tags?post=165448"}],"curies":[{"name":"wp","href":"https:\/\/api.w.org\/{rel}","templated":true}]}}