{"id":165463,"date":"2020-04-23T06:45:09","date_gmt":"2020-04-23T09:45:09","guid":{"rendered":"http:\/\/www.caririemacao.com\/1\/?p=165463"},"modified":"2020-04-23T09:27:06","modified_gmt":"2020-04-23T12:27:06","slug":"senado-aprova-ampliacao-de-categorias-beneficiarias-do-auxilio-emergencial","status":"publish","type":"post","link":"https:\/\/www.caririemacao.com\/1\/2020\/04\/23\/senado-aprova-ampliacao-de-categorias-beneficiarias-do-auxilio-emergencial\/","title":{"rendered":"Senado aprova amplia\u00e7\u00e3o de categorias benefici\u00e1rias do aux\u00edlio emergencial"},"content":{"rendered":"\n<figure class=\"wp-block-image\"><img decoding=\"async\" data-src=\"https:\/\/paraibaonline.com.br\/wp-content\/uploads\/2020\/04\/senado-virtual-ascom-567x378.jpg\" alt=\"Foto: Ascom\" class=\"wp-image-851821 lazyload\" src=\"data:image\/svg+xml;base64,PHN2ZyB3aWR0aD0iMSIgaGVpZ2h0PSIxIiB4bWxucz0iaHR0cDovL3d3dy53My5vcmcvMjAwMC9zdmciPjwvc3ZnPg==\" style=\"--smush-placeholder-width: 567px; --smush-placeholder-aspect-ratio: 567\/378;\" \/><\/figure>\n\n\n\n<p> O Senado aprovou em sess\u00e3o virtual na tarde desta quarta-feira (22) a amplia\u00e7\u00e3o de categorias a serem beneficiadas com o aux\u00edlio financeiro de R$ 600 durante o estado de calamidade decretado pela pandemia causada pelo coronav\u00edrus.<\/p>\n\n\n\n<p>Entre os beneficiados com a medida est\u00e3o motoristas de t\u00e1xi e de aplicativos de transporte, pescadores, esteticistas, caminhoneiros, diaristas, gar\u00e7ons, artistas, associados de cooperativas de catadores de materiais recicl\u00e1veis e de agricultura familiar, entre outros.<\/p>\n\n\n\n<p>Ao todo, 80 senadores votaram a favor da medida, e n\u00e3o houve votos contr\u00e1rios. A proposta ser\u00e1 encaminhada para san\u00e7\u00e3o do presidente Jair Bolsonaro (sem partido).<\/p>\n\n\n\n<p>O texto permite ainda que homens chefes de fam\u00edlia recebam o dobro do valor (R$ 1.200 mensais).<\/p>\n\n\n\n<p>Antes, apenas mulheres provedoras das fam\u00edlias podiam acumular os valores. A proposta tamb\u00e9m permite que m\u00e3es solteiras menores de 18 anos possam receber o benef\u00edcio.<\/p>\n\n\n\n<p>O projeto aprovado pelos senadores pro\u00edbe o governo federal de recusa do aux\u00edlio emergencial a quem declarar n\u00e3o ter CPF.<\/p>\n\n\n\n<p>O governo se comprometeu a regulamentar o tema a fim de evitar fraudes, indicando os documentos que ser\u00e3o aceitos.<\/p>\n\n\n\n<p>Os deputados previram a regulariza\u00e7\u00e3o autom\u00e1tica dos CPFs sem cobran\u00e7as banc\u00e1rias.<\/p>\n\n\n\n<p>\u201cN\u00e3o h\u00e1 porque se temer irregularidade para falta do CPF porque o governo tem como fazer esse controle\u201d, disse o relator da proposta, senador Esperidi\u00e3o Amin (PP-SC).<\/p>\n\n\n\n<p>Pela proposta, tamb\u00e9m fica criado o Programa de Aux\u00edlio Emprego, que autoriza o Poder Executivo a pagar parte dos sal\u00e1rios de trabalhadores (at\u00e9 o limite de tr\u00eas sal\u00e1rios m\u00ednimos) para que eles n\u00e3o sejam demitidos no per\u00edodo seguinte \u00e0 pandemia.<\/p>\n\n\n\n<p>A medida, contudo, depende de acordos firmados entre empregadores e empregados.<\/p>\n\n\n\n<p>\u201cEu espero que o senhor presidente da Rep\u00fablica n\u00e3o tarde em sancionar esse projeto\u201d, disse Randolfe Rodrigues (Rede-AP), autor da proposta que foi votada na C\u00e2mara e sofreu modifica\u00e7\u00f5es.<\/p>\n","protected":false},"excerpt":{"rendered":"<p>O Senado aprovou em sess\u00e3o virtual na tarde desta quarta-feira (22) a amplia\u00e7\u00e3o de categorias a serem beneficiadas com o aux\u00edlio financeiro de R$ 600&hellip; <\/p>\n","protected":false},"author":2,"featured_media":161110,"comment_status":"closed","ping_status":"closed","sticky":false,"template":"","format":"standard","meta":{"sfsi_plus_gutenberg_text_before_share":"","sfsi_plus_gutenberg_show_text_before_share":"","sfsi_plus_gutenberg_icon_type":"","sfsi_plus_gutenberg_icon_alignemt":"","sfsi_plus_gutenburg_max_per_row":"","footnotes":""},"categories":[2],"tags":[],"class_list":["post-165463","post","type-post","status-publish","format-standard","has-post-thumbnail","hentry","category-geral"],"_links":{"self":[{"href":"https:\/\/www.caririemacao.com\/1\/wp-json\/wp\/v2\/posts\/165463","targetHints":{"allow":["GET"]}}],"collection":[{"href":"https:\/\/www.caririemacao.com\/1\/wp-json\/wp\/v2\/posts"}],"about":[{"href":"https:\/\/www.caririemacao.com\/1\/wp-json\/wp\/v2\/types\/post"}],"author":[{"embeddable":true,"href":"https:\/\/www.caririemacao.com\/1\/wp-json\/wp\/v2\/users\/2"}],"replies":[{"embeddable":true,"href":"https:\/\/www.caririemacao.com\/1\/wp-json\/wp\/v2\/comments?post=165463"}],"version-history":[{"count":1,"href":"https:\/\/www.caririemacao.com\/1\/wp-json\/wp\/v2\/posts\/165463\/revisions"}],"predecessor-version":[{"id":165464,"href":"https:\/\/www.caririemacao.com\/1\/wp-json\/wp\/v2\/posts\/165463\/revisions\/165464"}],"wp:featuredmedia":[{"embeddable":true,"href":"https:\/\/www.caririemacao.com\/1\/wp-json\/wp\/v2\/media\/161110"}],"wp:attachment":[{"href":"https:\/\/www.caririemacao.com\/1\/wp-json\/wp\/v2\/media?parent=165463"}],"wp:term":[{"taxonomy":"category","embeddable":true,"href":"https:\/\/www.caririemacao.com\/1\/wp-json\/wp\/v2\/categories?post=165463"},{"taxonomy":"post_tag","embeddable":true,"href":"https:\/\/www.caririemacao.com\/1\/wp-json\/wp\/v2\/tags?post=165463"}],"curies":[{"name":"wp","href":"https:\/\/api.w.org\/{rel}","templated":true}]}}