{"id":165467,"date":"2020-04-23T06:47:39","date_gmt":"2020-04-23T09:47:39","guid":{"rendered":"http:\/\/www.caririemacao.com\/1\/?p=165467"},"modified":"2020-04-23T11:55:30","modified_gmt":"2020-04-23T14:55:30","slug":"covid-19-ses-informa-data-para-inicio-de-testes-rapidos-na-paraiba","status":"publish","type":"post","link":"https:\/\/www.caririemacao.com\/1\/2020\/04\/23\/covid-19-ses-informa-data-para-inicio-de-testes-rapidos-na-paraiba\/","title":{"rendered":"Covid-19: SES informa data para in\u00edcio de testes r\u00e1pidos na Para\u00edba"},"content":{"rendered":"\n<p>O Governo da Para\u00edba, por meio da Secretaria de Estado da Sa\u00fade (SES), come\u00e7ar\u00e1 a aplicar os testes r\u00e1pidos na popula\u00e7\u00e3o a partir desta sexta-feira (24). Eles ser\u00e3o utilizados nas pessoas que apresentam s\u00edndrome gripal e ser\u00e3o ofertados nos servi\u00e7os de sa\u00fade do Estado.<\/p>\n\n\n\n<p>De acordo com a secret\u00e1ria executiva da Sa\u00fade da Para\u00edba, Renata N\u00f3brega, a SES realizou uma compra de 310 mil testes r\u00e1pidos, por\u00e9m eles chegar\u00e3o em lotes. O primeiro chegou nesta quarta-feira (22), com 20 mil testes. Ela pontua que eles estar\u00e3o dispon\u00edveis nas unidades de pronto-atendimento de ger\u00eancia estadual e a oferta ser\u00e1 ampliada \u00e0 medida que surgir a necessidade.<\/p>\n\n\n\n<p>\u201cO Conselho de Secret\u00e1rios Municipais de Sa\u00fade ainda n\u00e3o enviou sugest\u00f5es para prioriza\u00e7\u00e3o de servi\u00e7os, mas esses locais podem ser ampliados. Come\u00e7amos a distribui\u00e7\u00e3o nesta quinta aos servi\u00e7os de sa\u00fade e far\u00e1 um alinhamento com as equipes para come\u00e7ar a testagem\u201d, observa.<\/p>\n\n\n\n<p>Renata N\u00f3brega explica que para fazer o teste r\u00e1pido \u00e9 preciso seguir alguns crit\u00e9rios.<\/p>\n\n\n\n<p>\u201cEles ser\u00e3o utilizados com a popula\u00e7\u00e3o que apresente um quadro de s\u00edndrome gripal como febre, dor de garganta. A prioridade \u00e9 para as pessoas que estejam no terceiro dia dos sintomas. Por exemplo, uma pessoa que come\u00e7ou a ter febre hoje, n\u00e3o poder\u00e1 ser testada hoje\u201d, destaca.<\/p>\n\n\n\n<p>A secret\u00e1ria pontua ainda que a SES liberar\u00e1 uma Nota T\u00e9cnica para os servi\u00e7os de sa\u00fade com esclarecimentos sobre o uso do teste. Renata afirma que, diferente do teste r\u00e1pido enviado pelo Minist\u00e9rio da Sa\u00fade, o adquirido pela SES vai dizer se pessoa est\u00e1 infectada recentemente ou se a infec\u00e7\u00e3o j\u00e1 est\u00e1 com a imunidade adquirida, ou seja, recuperado.<\/p>\n","protected":false},"excerpt":{"rendered":"<p>O Governo da Para\u00edba, por meio da Secretaria de Estado da Sa\u00fade (SES), come\u00e7ar\u00e1 a aplicar os testes r\u00e1pidos na popula\u00e7\u00e3o a partir desta sexta-feira&hellip; <\/p>\n","protected":false},"author":2,"featured_media":165468,"comment_status":"closed","ping_status":"closed","sticky":false,"template":"","format":"standard","meta":{"sfsi_plus_gutenberg_text_before_share":"","sfsi_plus_gutenberg_show_text_before_share":"","sfsi_plus_gutenberg_icon_type":"","sfsi_plus_gutenberg_icon_alignemt":"","sfsi_plus_gutenburg_max_per_row":"","footnotes":""},"categories":[50,2],"tags":[],"class_list":["post-165467","post","type-post","status-publish","format-standard","has-post-thumbnail","hentry","category-destaque","category-geral"],"_links":{"self":[{"href":"https:\/\/www.caririemacao.com\/1\/wp-json\/wp\/v2\/posts\/165467","targetHints":{"allow":["GET"]}}],"collection":[{"href":"https:\/\/www.caririemacao.com\/1\/wp-json\/wp\/v2\/posts"}],"about":[{"href":"https:\/\/www.caririemacao.com\/1\/wp-json\/wp\/v2\/types\/post"}],"author":[{"embeddable":true,"href":"https:\/\/www.caririemacao.com\/1\/wp-json\/wp\/v2\/users\/2"}],"replies":[{"embeddable":true,"href":"https:\/\/www.caririemacao.com\/1\/wp-json\/wp\/v2\/comments?post=165467"}],"version-history":[{"count":2,"href":"https:\/\/www.caririemacao.com\/1\/wp-json\/wp\/v2\/posts\/165467\/revisions"}],"predecessor-version":[{"id":165658,"href":"https:\/\/www.caririemacao.com\/1\/wp-json\/wp\/v2\/posts\/165467\/revisions\/165658"}],"wp:featuredmedia":[{"embeddable":true,"href":"https:\/\/www.caririemacao.com\/1\/wp-json\/wp\/v2\/media\/165468"}],"wp:attachment":[{"href":"https:\/\/www.caririemacao.com\/1\/wp-json\/wp\/v2\/media?parent=165467"}],"wp:term":[{"taxonomy":"category","embeddable":true,"href":"https:\/\/www.caririemacao.com\/1\/wp-json\/wp\/v2\/categories?post=165467"},{"taxonomy":"post_tag","embeddable":true,"href":"https:\/\/www.caririemacao.com\/1\/wp-json\/wp\/v2\/tags?post=165467"}],"curies":[{"name":"wp","href":"https:\/\/api.w.org\/{rel}","templated":true}]}}