{"id":165490,"date":"2020-04-23T07:02:29","date_gmt":"2020-04-23T10:02:29","guid":{"rendered":"http:\/\/www.caririemacao.com\/1\/?p=165490"},"modified":"2020-04-23T11:57:57","modified_gmt":"2020-04-23T14:57:57","slug":"medico-morre-na-bahia-apos-se-tratar-com-hidroxicloroquina-por-quatro-dias-contra-coronavirus","status":"publish","type":"post","link":"https:\/\/www.caririemacao.com\/1\/2020\/04\/23\/medico-morre-na-bahia-apos-se-tratar-com-hidroxicloroquina-por-quatro-dias-contra-coronavirus\/","title":{"rendered":"M\u00e9dico morre na Bahia ap\u00f3s se tratar com hidroxicloroquina por quatro dias contra coronav\u00edrus"},"content":{"rendered":"\n<p>O m\u00e9dico Gilmar Calazans Lima, de 55 anos, morreu na segunda-feira (20) ap\u00f3s complica\u00e7\u00f5es da Covid-19. De acordo com a Secretaria da Sa\u00fade do Estado da Bahia, o profissional estava usando hidroxicloroquina h\u00e1 4 dias em casa e havia apresentado melhora. No entanto, teve um mal s\u00fabito e n\u00e3o resistiu.<\/p>\n\n\n\n<p>Gilmar era hipertenso e diab\u00e9tico. Ele foi levado para a emerg\u00eancia do Hospital da Costa do Cacau, onde trabalhava. Segundo o secret\u00e1rio da Sa\u00fade da Bahia, F\u00e1bio Vilas-Boas, o paciente \u201cfoi submetido a manobras de reanima\u00e7\u00e3o por 45 min, permanecendo sem estabilizar o ritmo card\u00edaco, terminando por evoluir para o \u00f3bito\u201d.<\/p>\n\n\n\n<p>De acordo com o jornal Folha de S.Paulo, o m\u00e9dico sentiu os primeiros sintomas da Covid-19 no \u00faltimo dia 10. Na quinta-feira (16), ele deu entrada no hospital, mas como apresentava sintomas leves, Gilmar teve o material para teste coletado e foi orientado a cumprir quarentena em casa.<\/p>\n\n\n\n<p>Ap\u00f3s o resultado positivo para o novo coronav\u00edrus no s\u00e1bado (18), o m\u00e9dico passou a fazer uso de uma combina\u00e7\u00e3o de hidroxicloroquina e azitromicina que foi receitado pelo Hospital Costa do Cacau.<\/p>\n\n\n\n<p>\u201cEle obteve acesso a receita emitida por um colega do hospital. A medica\u00e7\u00e3o foi dispensada pela farm\u00e1cia da unidade, irregularmente, haja vista que o protocolo SESAB (Secretaria da Sa\u00fade do Estado da Bahia) \u00e9 exclusivo para internados\u201d, ressaltou o secret\u00e1rio. Segundo Vilas-Boas, uma sindic\u00e2ncia foi instaurada para apurar o caso.<\/p>\n","protected":false},"excerpt":{"rendered":"<p>O m\u00e9dico Gilmar Calazans Lima, de 55 anos, morreu na segunda-feira (20) ap\u00f3s complica\u00e7\u00f5es da Covid-19. De acordo com a Secretaria da Sa\u00fade do Estado&hellip; <\/p>\n","protected":false},"author":2,"featured_media":165491,"comment_status":"closed","ping_status":"closed","sticky":false,"template":"","format":"standard","meta":{"sfsi_plus_gutenberg_text_before_share":"","sfsi_plus_gutenberg_show_text_before_share":"","sfsi_plus_gutenberg_icon_type":"","sfsi_plus_gutenberg_icon_alignemt":"","sfsi_plus_gutenburg_max_per_row":"","footnotes":""},"categories":[2],"tags":[],"class_list":["post-165490","post","type-post","status-publish","format-standard","has-post-thumbnail","hentry","category-geral"],"_links":{"self":[{"href":"https:\/\/www.caririemacao.com\/1\/wp-json\/wp\/v2\/posts\/165490","targetHints":{"allow":["GET"]}}],"collection":[{"href":"https:\/\/www.caririemacao.com\/1\/wp-json\/wp\/v2\/posts"}],"about":[{"href":"https:\/\/www.caririemacao.com\/1\/wp-json\/wp\/v2\/types\/post"}],"author":[{"embeddable":true,"href":"https:\/\/www.caririemacao.com\/1\/wp-json\/wp\/v2\/users\/2"}],"replies":[{"embeddable":true,"href":"https:\/\/www.caririemacao.com\/1\/wp-json\/wp\/v2\/comments?post=165490"}],"version-history":[{"count":2,"href":"https:\/\/www.caririemacao.com\/1\/wp-json\/wp\/v2\/posts\/165490\/revisions"}],"predecessor-version":[{"id":165659,"href":"https:\/\/www.caririemacao.com\/1\/wp-json\/wp\/v2\/posts\/165490\/revisions\/165659"}],"wp:featuredmedia":[{"embeddable":true,"href":"https:\/\/www.caririemacao.com\/1\/wp-json\/wp\/v2\/media\/165491"}],"wp:attachment":[{"href":"https:\/\/www.caririemacao.com\/1\/wp-json\/wp\/v2\/media?parent=165490"}],"wp:term":[{"taxonomy":"category","embeddable":true,"href":"https:\/\/www.caririemacao.com\/1\/wp-json\/wp\/v2\/categories?post=165490"},{"taxonomy":"post_tag","embeddable":true,"href":"https:\/\/www.caririemacao.com\/1\/wp-json\/wp\/v2\/tags?post=165490"}],"curies":[{"name":"wp","href":"https:\/\/api.w.org\/{rel}","templated":true}]}}