{"id":165496,"date":"2020-04-23T07:04:45","date_gmt":"2020-04-23T10:04:45","guid":{"rendered":"http:\/\/www.caririemacao.com\/1\/?p=165496"},"modified":"2020-04-23T11:59:57","modified_gmt":"2020-04-23T14:59:57","slug":"paraiba-registra-40-mortes-e-345-casos-confirmados-de-covid-19","status":"publish","type":"post","link":"https:\/\/www.caririemacao.com\/1\/2020\/04\/23\/paraiba-registra-40-mortes-e-345-casos-confirmados-de-covid-19\/","title":{"rendered":"Para\u00edba registra 40 mortes e 345 casos confirmados de covid-19"},"content":{"rendered":"\n<p>A Secretaria de Sa\u00fade da Para\u00edba divulgou, na noite desta quarta-feira (22), um novo boletim atualizando os n\u00fameros do covid-19 na Para\u00edba.&nbsp;Do \u00f3bito registrado nesta quarta, trata-se de um homem idoso, 71 anos, hipertenso, residente Santa Rita.<\/p>\n\n\n\n<p>Confira abaixo:<\/p>\n\n\n\n<ul class=\"wp-block-list\"><li>Casos Confirmados: 345<\/li><li>Casos Descartados: 1217<\/li><li>\u00d3bitos confirmados: 40&nbsp;&nbsp;<\/li><li>Casos recuperados: 116&nbsp;<\/li><\/ul>\n\n\n\n<p>Dos 345 casos confirmados at\u00e9 esta quarta, 22 de abril, 116&nbsp; j\u00e1 se recuperaram, 45 est\u00e3o hospitalizados, 10 deles em leitos de UTI e 40, infelizmente, faleceram.&nbsp;<\/p>\n\n\n\n<p>Os demais se recuperam em isolamento domiciliar acompanhados pelas secretarias municipais de sa\u00fade.&nbsp;<br><\/p>\n\n\n\n<p><strong>LEIA MAIS<\/strong>:&nbsp;<a href=\"https:\/\/www.clickpb.com.br\/paraiba\/laboratorios-particulares-tem-24h-para-informar-sobre-exames-do-coronavirus-na-paraiba-ministerios-publicos-recomendam-cumprimento-do-dever-282658.html\">Laborat\u00f3rios particulares t\u00eam 24h para informar sobre exames do coronav\u00edrus na Para\u00edba; Minist\u00e9rios P\u00fablicos recomendam cumprimento do decreto<\/a><br><\/p>\n\n\n\n<p>Os casos est\u00e3o distribu\u00eddos em 27 munic\u00edpios: Jo\u00e3o Pessoa (230), Santa Rita (25), Campina Grande (24), Cabedelo (15), Bayeux (10), Patos (8), Junco do Serid\u00f3 (3), Pombal (2), Serra Branca (1), Sap\u00e9 (8),&nbsp; Sousa (2), Igaracy (1), Tapero\u00e1 (1), S\u00e3o Jo\u00e3o do Rio do Peixe (1), Riach\u00e3o do Po\u00e7o (1), S\u00e3o Bento (1), Congo (1), Queimadas (1), Bom Jesus (1), Conde (1), Cruz do Esp\u00edrito Santo (1), Itabaiana (1), Cajazeiras (2), Itapororoca (1), Barra de S\u00e3o Miguel (1), Alagoa Nova (1), Coremas (1).<\/p>\n\n\n\n<p><strong>LEIA MAIS<\/strong>:&nbsp;<a href=\"https:\/\/www.clickpb.com.br\/saude\/paraiba-vai-receber-quase-50-mil-testes-de-covid-19-diz-ministerio-da-saude-282636.html\">Para\u00edba vai receber quase 50 mil testes de covid-19, diz Minist\u00e9rio da Sa\u00fade<\/a><br><\/p>\n\n\n\n<p>Do \u00f3bito registrado nesta quarta, trata-se de um homem idoso, 71 anos, hipertenso, residente Santa Rita, veio a \u00f3bito no dia 21\/04 em sua resid\u00eancia, foi levado ao Servi\u00e7o Verifica\u00e7\u00e3o de \u00d3bito Estadual &#8211; SVO, coletado amostra e o exame positivou para Covid-19.<\/p>\n\n\n\n<p>No momento, 148 pessoas est\u00e3o internadas com notifica\u00e7\u00e3o de suspeita para Covid-19, sendo 133 em enfermaria (86 p\u00fablico\/27 privado) e 35 na UTI (24 p\u00fablico\/11 privado).<\/p>\n","protected":false},"excerpt":{"rendered":"<p>A Secretaria de Sa\u00fade da Para\u00edba divulgou, na noite desta quarta-feira (22), um novo boletim atualizando os n\u00fameros do covid-19 na Para\u00edba.&nbsp;Do \u00f3bito registrado nesta&hellip; <\/p>\n","protected":false},"author":2,"featured_media":165497,"comment_status":"closed","ping_status":"closed","sticky":false,"template":"","format":"standard","meta":{"sfsi_plus_gutenberg_text_before_share":"","sfsi_plus_gutenberg_show_text_before_share":"","sfsi_plus_gutenberg_icon_type":"","sfsi_plus_gutenberg_icon_alignemt":"","sfsi_plus_gutenburg_max_per_row":"","footnotes":""},"categories":[2],"tags":[],"class_list":["post-165496","post","type-post","status-publish","format-standard","has-post-thumbnail","hentry","category-geral"],"_links":{"self":[{"href":"https:\/\/www.caririemacao.com\/1\/wp-json\/wp\/v2\/posts\/165496","targetHints":{"allow":["GET"]}}],"collection":[{"href":"https:\/\/www.caririemacao.com\/1\/wp-json\/wp\/v2\/posts"}],"about":[{"href":"https:\/\/www.caririemacao.com\/1\/wp-json\/wp\/v2\/types\/post"}],"author":[{"embeddable":true,"href":"https:\/\/www.caririemacao.com\/1\/wp-json\/wp\/v2\/users\/2"}],"replies":[{"embeddable":true,"href":"https:\/\/www.caririemacao.com\/1\/wp-json\/wp\/v2\/comments?post=165496"}],"version-history":[{"count":2,"href":"https:\/\/www.caririemacao.com\/1\/wp-json\/wp\/v2\/posts\/165496\/revisions"}],"predecessor-version":[{"id":165661,"href":"https:\/\/www.caririemacao.com\/1\/wp-json\/wp\/v2\/posts\/165496\/revisions\/165661"}],"wp:featuredmedia":[{"embeddable":true,"href":"https:\/\/www.caririemacao.com\/1\/wp-json\/wp\/v2\/media\/165497"}],"wp:attachment":[{"href":"https:\/\/www.caririemacao.com\/1\/wp-json\/wp\/v2\/media?parent=165496"}],"wp:term":[{"taxonomy":"category","embeddable":true,"href":"https:\/\/www.caririemacao.com\/1\/wp-json\/wp\/v2\/categories?post=165496"},{"taxonomy":"post_tag","embeddable":true,"href":"https:\/\/www.caririemacao.com\/1\/wp-json\/wp\/v2\/tags?post=165496"}],"curies":[{"name":"wp","href":"https:\/\/api.w.org\/{rel}","templated":true}]}}