{"id":165502,"date":"2020-04-23T07:09:56","date_gmt":"2020-04-23T10:09:56","guid":{"rendered":"http:\/\/www.caririemacao.com\/1\/?p=165502"},"modified":"2020-04-23T07:09:58","modified_gmt":"2020-04-23T10:09:58","slug":"joao-azevedo-descarta-reduzir-salarios-dos-servidores-publicos-durante-pandemia-de-coronavirus","status":"publish","type":"post","link":"https:\/\/www.caririemacao.com\/1\/2020\/04\/23\/joao-azevedo-descarta-reduzir-salarios-dos-servidores-publicos-durante-pandemia-de-coronavirus\/","title":{"rendered":"Jo\u00e3o Azev\u00eado descarta reduzir sal\u00e1rios dos servidores p\u00fablicos durante pandemia de coronav\u00edrus"},"content":{"rendered":"\n<figure class=\"wp-block-image\"><img decoding=\"async\" data-src=\"https:\/\/thumbor.clickpb.com.br\/ew9mvJNY6z5UzG29quupG5f02vk=\/876x585\/top\/smart\/www.clickpb.com.br\/media\/filer_public\/ed\/1b\/ed1bcc83-23bc-4646-a502-02fdcde844e4\/dinheiro.jpg\" alt=\"\" src=\"data:image\/svg+xml;base64,PHN2ZyB3aWR0aD0iMSIgaGVpZ2h0PSIxIiB4bWxucz0iaHR0cDovL3d3dy53My5vcmcvMjAwMC9zdmciPjwvc3ZnPg==\" class=\"lazyload\" \/><\/figure>\n\n\n\n<p>Com a incertezas geradas pela pandemia do coronav\u00edrus, o&nbsp;governador Jo\u00e3o Azev\u00eado garantiu na tarde desta quarta-feira (22), em entrevista&nbsp;ao Programa Arapuan Verdade do Sistema Arapuan de Comunica\u00e7\u00e3o que n\u00e3o ir\u00e1 o cortar os sal\u00e1rios dos servidores.&nbsp;<br><\/p>\n\n\n\n<p>\u201cEm nenhum momento o Governo pensou ou cogitou em tomar uma atitude dessas, estamos fazendo exatamente o contr\u00e1rio\u201d, disse.&nbsp;<\/p>\n\n\n\n<p>&nbsp;Azev\u00eado afirmou que&nbsp;todos os esfor\u00e7os necess\u00e1rios para honrar os compromissos financeiros como a redu\u00e7\u00e3o de todos os custeios com a suspens\u00e3o dos carros locados, a redu\u00e7\u00e3o do uso de combust\u00edveis, dentre outras medidas econ\u00f4micas est\u00e3o sendo tomadas para evitar que isso aconte\u00e7a.<\/p>\n\n\n\n<p>\u201cEsperamos que a C\u00e2mara e o Congresso Nacional aprovem medidas para melhorar as condi\u00e7\u00f5es financeiras dos Estados, mas ao que parece, isso est\u00e1 longe de ocorrer com&nbsp;uma disputa acirrada entre o Poder Executivo e o Legislativo. Quem sai perdendo com isso \u00e9 o povo, infelizmente\u201d, criticou o governador.<\/p>\n","protected":false},"excerpt":{"rendered":"<p>Com a incertezas geradas pela pandemia do coronav\u00edrus, o&nbsp;governador Jo\u00e3o Azev\u00eado garantiu na tarde desta quarta-feira (22), em entrevista&nbsp;ao Programa Arapuan Verdade do Sistema Arapuan&hellip; <\/p>\n","protected":false},"author":2,"featured_media":164602,"comment_status":"closed","ping_status":"closed","sticky":false,"template":"","format":"standard","meta":{"sfsi_plus_gutenberg_text_before_share":"","sfsi_plus_gutenberg_show_text_before_share":"","sfsi_plus_gutenberg_icon_type":"","sfsi_plus_gutenberg_icon_alignemt":"","sfsi_plus_gutenburg_max_per_row":"","footnotes":""},"categories":[11],"tags":[],"class_list":["post-165502","post","type-post","status-publish","format-standard","has-post-thumbnail","hentry","category-politica"],"_links":{"self":[{"href":"https:\/\/www.caririemacao.com\/1\/wp-json\/wp\/v2\/posts\/165502","targetHints":{"allow":["GET"]}}],"collection":[{"href":"https:\/\/www.caririemacao.com\/1\/wp-json\/wp\/v2\/posts"}],"about":[{"href":"https:\/\/www.caririemacao.com\/1\/wp-json\/wp\/v2\/types\/post"}],"author":[{"embeddable":true,"href":"https:\/\/www.caririemacao.com\/1\/wp-json\/wp\/v2\/users\/2"}],"replies":[{"embeddable":true,"href":"https:\/\/www.caririemacao.com\/1\/wp-json\/wp\/v2\/comments?post=165502"}],"version-history":[{"count":1,"href":"https:\/\/www.caririemacao.com\/1\/wp-json\/wp\/v2\/posts\/165502\/revisions"}],"predecessor-version":[{"id":165503,"href":"https:\/\/www.caririemacao.com\/1\/wp-json\/wp\/v2\/posts\/165502\/revisions\/165503"}],"wp:featuredmedia":[{"embeddable":true,"href":"https:\/\/www.caririemacao.com\/1\/wp-json\/wp\/v2\/media\/164602"}],"wp:attachment":[{"href":"https:\/\/www.caririemacao.com\/1\/wp-json\/wp\/v2\/media?parent=165502"}],"wp:term":[{"taxonomy":"category","embeddable":true,"href":"https:\/\/www.caririemacao.com\/1\/wp-json\/wp\/v2\/categories?post=165502"},{"taxonomy":"post_tag","embeddable":true,"href":"https:\/\/www.caririemacao.com\/1\/wp-json\/wp\/v2\/tags?post=165502"}],"curies":[{"name":"wp","href":"https:\/\/api.w.org\/{rel}","templated":true}]}}