{"id":165509,"date":"2020-04-23T07:12:45","date_gmt":"2020-04-23T10:12:45","guid":{"rendered":"http:\/\/www.caririemacao.com\/1\/?p=165509"},"modified":"2020-04-23T07:12:47","modified_gmt":"2020-04-23T10:12:47","slug":"joao-azevedo-alerta-para-reducao-de-repasses-dos-recursos-com-a-queda-na-arrecadacao-esse-sera-um-problema-de-todos","status":"publish","type":"post","link":"https:\/\/www.caririemacao.com\/1\/2020\/04\/23\/joao-azevedo-alerta-para-reducao-de-repasses-dos-recursos-com-a-queda-na-arrecadacao-esse-sera-um-problema-de-todos\/","title":{"rendered":"Jo\u00e3o Azev\u00eado alerta para redu\u00e7\u00e3o de repasses dos recursos com a queda na arrecada\u00e7\u00e3o: &#8220;Esse ser\u00e1 um problema de todos&#8221;"},"content":{"rendered":"\n<figure class=\"wp-block-image\"><img decoding=\"async\" data-src=\"https:\/\/thumbor.clickpb.com.br\/VvslL_-N9PuXSjkDOKaljnTBoeI=\/876x585\/top\/smart\/www.clickpb.com.br\/media\/filer_public\/ae\/1b\/ae1b41c3-a811-4d6f-9028-ca3401ac5b95\/02-joao_azevedo_foto_walla_santos_226.jpg\" alt=\"\" src=\"data:image\/svg+xml;base64,PHN2ZyB3aWR0aD0iMSIgaGVpZ2h0PSIxIiB4bWxucz0iaHR0cDovL3d3dy53My5vcmcvMjAwMC9zdmciPjwvc3ZnPg==\" class=\"lazyload\" \/><\/figure>\n\n\n\n<p>Durante entrevista ao programa Arapuan Verdade, na tarde desta quarta-feira (22), o governador da Para\u00edba alertou&nbsp;para a redu\u00e7\u00e3o de repasses dos recursos com a queda na arrecada\u00e7\u00e3o. A fala foi em rela\u00e7\u00e3o a diminui\u00e7\u00e3o do duod\u00e9cimo \u00e0 Assembleia Legistativa e ao Tribunal de Justi\u00e7a, no entanto ele refor\u00e7ou que o impacto da pandemia ter\u00e1 consequ\u00eancias coletivas: &#8220;Esse ser\u00e1 um problema de todos&#8221;.<\/p>\n\n\n\n<p>De acordo com Jo\u00e3o, a queda brusca na arrecada\u00e7\u00e3o e o aumento de investimentos na \u00e1rea da sa\u00fade afetar\u00e1 toda a estrutura econ\u00f4mica. &#8220;Esse problema \u00e9 de todos e se n\u00e3o houver dinheiro teremos que compartilhar o problema. N\u00f3s estamos diante de uma pandemia, o mundo inteiro est\u00e1 sofrendo e voc\u00ea n\u00e3o&nbsp;pode imaginar que os poderes da Para\u00edba n\u00e3o ir\u00e3o colaborar com essa situa\u00e7\u00e3o&#8221;, refor\u00e7ando as medidas de conten\u00e7\u00e3o de gastos e a responsabilidade que todos devem ter diante tal cen\u00e1rio.<\/p>\n","protected":false},"excerpt":{"rendered":"<p>Durante entrevista ao programa Arapuan Verdade, na tarde desta quarta-feira (22), o governador da Para\u00edba alertou&nbsp;para a redu\u00e7\u00e3o de repasses dos recursos com a queda&hellip; <\/p>\n","protected":false},"author":2,"featured_media":165510,"comment_status":"closed","ping_status":"closed","sticky":false,"template":"","format":"standard","meta":{"sfsi_plus_gutenberg_text_before_share":"","sfsi_plus_gutenberg_show_text_before_share":"","sfsi_plus_gutenberg_icon_type":"","sfsi_plus_gutenberg_icon_alignemt":"","sfsi_plus_gutenburg_max_per_row":"","footnotes":""},"categories":[2],"tags":[],"class_list":["post-165509","post","type-post","status-publish","format-standard","has-post-thumbnail","hentry","category-geral"],"_links":{"self":[{"href":"https:\/\/www.caririemacao.com\/1\/wp-json\/wp\/v2\/posts\/165509","targetHints":{"allow":["GET"]}}],"collection":[{"href":"https:\/\/www.caririemacao.com\/1\/wp-json\/wp\/v2\/posts"}],"about":[{"href":"https:\/\/www.caririemacao.com\/1\/wp-json\/wp\/v2\/types\/post"}],"author":[{"embeddable":true,"href":"https:\/\/www.caririemacao.com\/1\/wp-json\/wp\/v2\/users\/2"}],"replies":[{"embeddable":true,"href":"https:\/\/www.caririemacao.com\/1\/wp-json\/wp\/v2\/comments?post=165509"}],"version-history":[{"count":1,"href":"https:\/\/www.caririemacao.com\/1\/wp-json\/wp\/v2\/posts\/165509\/revisions"}],"predecessor-version":[{"id":165511,"href":"https:\/\/www.caririemacao.com\/1\/wp-json\/wp\/v2\/posts\/165509\/revisions\/165511"}],"wp:featuredmedia":[{"embeddable":true,"href":"https:\/\/www.caririemacao.com\/1\/wp-json\/wp\/v2\/media\/165510"}],"wp:attachment":[{"href":"https:\/\/www.caririemacao.com\/1\/wp-json\/wp\/v2\/media?parent=165509"}],"wp:term":[{"taxonomy":"category","embeddable":true,"href":"https:\/\/www.caririemacao.com\/1\/wp-json\/wp\/v2\/categories?post=165509"},{"taxonomy":"post_tag","embeddable":true,"href":"https:\/\/www.caririemacao.com\/1\/wp-json\/wp\/v2\/tags?post=165509"}],"curies":[{"name":"wp","href":"https:\/\/api.w.org\/{rel}","templated":true}]}}