{"id":165517,"date":"2020-04-23T07:14:53","date_gmt":"2020-04-23T10:14:53","guid":{"rendered":"http:\/\/www.caririemacao.com\/1\/?p=165517"},"modified":"2020-04-23T07:14:55","modified_gmt":"2020-04-23T10:14:55","slug":"tse-suspende-cancelamento-de-25-milhoes-de-titulos-eleitorais","status":"publish","type":"post","link":"https:\/\/www.caririemacao.com\/1\/2020\/04\/23\/tse-suspende-cancelamento-de-25-milhoes-de-titulos-eleitorais\/","title":{"rendered":"TSE suspende cancelamento de 2,5 milh\u00f5es de t\u00edtulos eleitorais"},"content":{"rendered":"\n<figure class=\"wp-block-image\"><img decoding=\"async\" data-src=\"https:\/\/thumbor.clickpb.com.br\/t_vHk_XsipTW8vRMI0nRgexz11U=\/876x585\/top\/smart\/www.clickpb.com.br\/media\/filer_public\/6f\/9b\/6f9b9b24-74f5-433b-ab75-15cf5f1dbc3c\/titulo_eleitoral.jpg\" alt=\"\" src=\"data:image\/svg+xml;base64,PHN2ZyB3aWR0aD0iMSIgaGVpZ2h0PSIxIiB4bWxucz0iaHR0cDovL3d3dy53My5vcmcvMjAwMC9zdmciPjwvc3ZnPg==\" class=\"lazyload\" \/><\/figure>\n\n\n\n<p>O Tribunal Superior Eleitoral (TSE) decidiu hoje (22) suspender o cancelamento de 2,5 milh\u00f5es de t\u00edtulos de eleitores que n\u00e3o compareceram ao processo de revis\u00e3o biom\u00e9trica. A suspens\u00e3o ocorreu devido ao per\u00edodo de isolamento provocado pela pandemia do novo coronav\u00edrus. Com a medida, os eleitores estar\u00e3o aptos a votar nas elei\u00e7\u00f5es de outubro.&nbsp;<\/p>\n\n\n\n<p>Segundo o TSE, a suspens\u00e3o do cancelamento ocorreu em 11 estados. Os eleitores que estavam com pend\u00eancias no documento dever\u00e3o resolv\u00ea-las ap\u00f3s as elei\u00e7\u00f5es.&nbsp;<\/p>\n\n\n\n<p><strong>LEIA MAIS<\/strong>:&nbsp;<a href=\"https:\/\/www.clickpb.com.br\/brasil\/tse-diz-que-tem-condicoes-de-manter-eleicoes-de-outubro-282555.html\">TSE diz que tem condi\u00e7\u00f5es de manter elei\u00e7\u00f5es de outubro<\/a><br><\/p>\n\n\n\n<p>O primeiro turno ser\u00e1 realizado no dia 4 de outubro. Cerca de 146 milh\u00f5es de eleitores estar\u00e3o aptos a votar para eleger prefeitos, vice-prefeitos e vereadores nos 5.568 munic\u00edpios do pa\u00eds.<\/p>\n","protected":false},"excerpt":{"rendered":"<p>O Tribunal Superior Eleitoral (TSE) decidiu hoje (22) suspender o cancelamento de 2,5 milh\u00f5es de t\u00edtulos de eleitores que n\u00e3o compareceram ao processo de revis\u00e3o&hellip; <\/p>\n","protected":false},"author":2,"featured_media":165518,"comment_status":"closed","ping_status":"closed","sticky":false,"template":"","format":"standard","meta":{"sfsi_plus_gutenberg_text_before_share":"","sfsi_plus_gutenberg_show_text_before_share":"","sfsi_plus_gutenberg_icon_type":"","sfsi_plus_gutenberg_icon_alignemt":"","sfsi_plus_gutenburg_max_per_row":"","footnotes":""},"categories":[2],"tags":[],"class_list":["post-165517","post","type-post","status-publish","format-standard","has-post-thumbnail","hentry","category-geral"],"_links":{"self":[{"href":"https:\/\/www.caririemacao.com\/1\/wp-json\/wp\/v2\/posts\/165517","targetHints":{"allow":["GET"]}}],"collection":[{"href":"https:\/\/www.caririemacao.com\/1\/wp-json\/wp\/v2\/posts"}],"about":[{"href":"https:\/\/www.caririemacao.com\/1\/wp-json\/wp\/v2\/types\/post"}],"author":[{"embeddable":true,"href":"https:\/\/www.caririemacao.com\/1\/wp-json\/wp\/v2\/users\/2"}],"replies":[{"embeddable":true,"href":"https:\/\/www.caririemacao.com\/1\/wp-json\/wp\/v2\/comments?post=165517"}],"version-history":[{"count":1,"href":"https:\/\/www.caririemacao.com\/1\/wp-json\/wp\/v2\/posts\/165517\/revisions"}],"predecessor-version":[{"id":165519,"href":"https:\/\/www.caririemacao.com\/1\/wp-json\/wp\/v2\/posts\/165517\/revisions\/165519"}],"wp:featuredmedia":[{"embeddable":true,"href":"https:\/\/www.caririemacao.com\/1\/wp-json\/wp\/v2\/media\/165518"}],"wp:attachment":[{"href":"https:\/\/www.caririemacao.com\/1\/wp-json\/wp\/v2\/media?parent=165517"}],"wp:term":[{"taxonomy":"category","embeddable":true,"href":"https:\/\/www.caririemacao.com\/1\/wp-json\/wp\/v2\/categories?post=165517"},{"taxonomy":"post_tag","embeddable":true,"href":"https:\/\/www.caririemacao.com\/1\/wp-json\/wp\/v2\/tags?post=165517"}],"curies":[{"name":"wp","href":"https:\/\/api.w.org\/{rel}","templated":true}]}}