{"id":165523,"date":"2020-04-23T07:20:19","date_gmt":"2020-04-23T10:20:19","guid":{"rendered":"http:\/\/www.caririemacao.com\/1\/?p=165523"},"modified":"2020-04-23T12:05:38","modified_gmt":"2020-04-23T15:05:38","slug":"ministro-critica-imagens-de-caixao-e-corpo-e-pede-a-imprensa-que-mostre-coisa-positiva","status":"publish","type":"post","link":"https:\/\/www.caririemacao.com\/1\/2020\/04\/23\/ministro-critica-imagens-de-caixao-e-corpo-e-pede-a-imprensa-que-mostre-coisa-positiva\/","title":{"rendered":"Ministro critica imagens de &#8216;caix\u00e3o e corpo&#8217; e pede \u00e0 imprensa que mostre &#8216;coisa positiva&#8217;"},"content":{"rendered":"\n<p>O ministro Luiz Eduardo Ramos (Secretaria de Governo) criticou nesta quarta-feira (22) a divulga\u00e7\u00e3o, por parte da imprensa, de imagens de &#8220;caix\u00e3o e corpo&#8221; durante a cobertura da pandemia do novo coronav\u00edrus. Ramos pediu aos jornalistas que mostrem \u201ccoisa positiva\u201d nos telejornais.<\/p>\n\n\n\n<p>A declara\u00e7\u00e3o foi dada durante coletiva de imprensa no Pal\u00e1cio do Planalto, da qual participaram, al\u00e9m de Ramos, os ministros Nelson Teich (Sa\u00fade), Braga Netto (Casa Civil), Tarc\u00edsio Gomes (Infraestrutura) e Marcelo \u00c1lvaro Ant\u00f4nio (Turismo).<\/p>\n\n\n\n<p>Ramos afirmou que o governo Jair Bolsonaro respeita a liberdade de imprensa, \u201cfundamental\u201d na democracia, mas disse que, desde o in\u00edcio da crise do coronav\u00edrus tem observado uma \u201cmaci\u00e7a divulga\u00e7\u00e3o\u201d dos fatos negativos.<\/p>\n\n\n\n<p>\u201cCom todo respeito, no jornal da manh\u00e3, \u00e9 caix\u00e3o, \u00e9 corpo. Na hora do almo\u00e7o, \u00e9 caix\u00e3o, novamente, e corpo. No jornal da noite, \u00e9 caix\u00e3o e corpo, \u00e9 n\u00famero de mortes. Eu pergunto a todos: como voc\u00eas acham que uma senhora de idade, uma pessoa humilde ou pessoa que sofre de alguma outra enfermidade, ela se sente com esta maci\u00e7a divulga\u00e7\u00e3o de informa\u00e7\u00f5es negativas? Isso n\u00e3o ajuda. Ningu\u00e9m aqui est\u00e1 dizendo que tem que esconder\u201d, afirmou o ministro.<\/p>\n\n\n\n<p>Em seguida, o ministro disse que \u201ctem tanta coisa positiva\u201d acontecendo e pediu a divulga\u00e7\u00e3o do n\u00famero de pessoas curadas da Covid-19 e o trabalho \u201cmaravilhoso\u201d de profissionais de sa\u00fade, fatos que j\u00e1 v\u00eam sendo noticiados por ve\u00edculos de comunica\u00e7\u00e3o.<\/p>\n\n\n\n<p>De acordo com o boletim mais recente, o Brasil tem 45.757 casos confirmados de covid-19, doen\u00e7a provocada pelo coronav\u00edrus e 2.906 mortes causadas pela doen\u00e7a.<\/p>\n","protected":false},"excerpt":{"rendered":"<p>O ministro Luiz Eduardo Ramos (Secretaria de Governo) criticou nesta quarta-feira (22) a divulga\u00e7\u00e3o, por parte da imprensa, de imagens de &#8220;caix\u00e3o e corpo&#8221; durante&hellip; <\/p>\n","protected":false},"author":2,"featured_media":165524,"comment_status":"closed","ping_status":"closed","sticky":false,"template":"","format":"standard","meta":{"sfsi_plus_gutenberg_text_before_share":"","sfsi_plus_gutenberg_show_text_before_share":"","sfsi_plus_gutenberg_icon_type":"","sfsi_plus_gutenberg_icon_alignemt":"","sfsi_plus_gutenburg_max_per_row":"","footnotes":""},"categories":[2],"tags":[],"class_list":["post-165523","post","type-post","status-publish","format-standard","has-post-thumbnail","hentry","category-geral"],"_links":{"self":[{"href":"https:\/\/www.caririemacao.com\/1\/wp-json\/wp\/v2\/posts\/165523","targetHints":{"allow":["GET"]}}],"collection":[{"href":"https:\/\/www.caririemacao.com\/1\/wp-json\/wp\/v2\/posts"}],"about":[{"href":"https:\/\/www.caririemacao.com\/1\/wp-json\/wp\/v2\/types\/post"}],"author":[{"embeddable":true,"href":"https:\/\/www.caririemacao.com\/1\/wp-json\/wp\/v2\/users\/2"}],"replies":[{"embeddable":true,"href":"https:\/\/www.caririemacao.com\/1\/wp-json\/wp\/v2\/comments?post=165523"}],"version-history":[{"count":2,"href":"https:\/\/www.caririemacao.com\/1\/wp-json\/wp\/v2\/posts\/165523\/revisions"}],"predecessor-version":[{"id":165662,"href":"https:\/\/www.caririemacao.com\/1\/wp-json\/wp\/v2\/posts\/165523\/revisions\/165662"}],"wp:featuredmedia":[{"embeddable":true,"href":"https:\/\/www.caririemacao.com\/1\/wp-json\/wp\/v2\/media\/165524"}],"wp:attachment":[{"href":"https:\/\/www.caririemacao.com\/1\/wp-json\/wp\/v2\/media?parent=165523"}],"wp:term":[{"taxonomy":"category","embeddable":true,"href":"https:\/\/www.caririemacao.com\/1\/wp-json\/wp\/v2\/categories?post=165523"},{"taxonomy":"post_tag","embeddable":true,"href":"https:\/\/www.caririemacao.com\/1\/wp-json\/wp\/v2\/tags?post=165523"}],"curies":[{"name":"wp","href":"https:\/\/api.w.org\/{rel}","templated":true}]}}