{"id":165529,"date":"2020-04-23T07:22:37","date_gmt":"2020-04-23T10:22:37","guid":{"rendered":"http:\/\/www.caririemacao.com\/1\/?p=165529"},"modified":"2020-04-23T07:22:40","modified_gmt":"2020-04-23T10:22:40","slug":"governador-acredita-que-eleicoes-nao-precisarao-ser-adiadas-ate-la-esperamos-que-a-pandemia-tenha-reduzido","status":"publish","type":"post","link":"https:\/\/www.caririemacao.com\/1\/2020\/04\/23\/governador-acredita-que-eleicoes-nao-precisarao-ser-adiadas-ate-la-esperamos-que-a-pandemia-tenha-reduzido\/","title":{"rendered":"Governador acredita que elei\u00e7\u00f5es n\u00e3o precisar\u00e3o ser adiadas: &#8220;at\u00e9 l\u00e1 esperamos que a pandemia tenha reduzido&#8221;"},"content":{"rendered":"\n<figure class=\"wp-block-image\"><img decoding=\"async\" data-src=\"https:\/\/thumbor.clickpb.com.br\/JTMvN12BS_iPbsWIjGWR5rjir0g=\/876x585\/top\/smart\/www.clickpb.com.br\/media\/filer_public\/9d\/5c\/9d5c17c6-5bfa-45ae-89e0-f0e11193c1dd\/joao_azevedo_walla_santos_16.jpg\" alt=\"\" src=\"data:image\/svg+xml;base64,PHN2ZyB3aWR0aD0iMSIgaGVpZ2h0PSIxIiB4bWxucz0iaHR0cDovL3d3dy53My5vcmcvMjAwMC9zdmciPjwvc3ZnPg==\" class=\"lazyload\" \/><\/figure>\n\n\n\n<p>A pol\u00eamica em torno do adiamento ou n\u00e3o das elei\u00e7\u00f5es parece estar resolvida para o&nbsp;governador da Para\u00edba, Jo\u00e3o Azev\u00eado. Ao ser questionado durante&nbsp;entrevista ao programa Arapuan Verdade, na tarde desta quarta-feira (22), o gestor avaliou que o cen\u00e1rio vai depender do avan\u00e7o ou n\u00e3o da pandemia do coronav\u00edrus.<\/p>\n\n\n\n<p>De acordo com ele, a expectativa de seu governo \u00e9 para que n\u00e3o haja adiamento do pleito eleitoral, torcendo para que at\u00e9 l\u00e1, a pandemia esteja sanada.<\/p>\n\n\n\n<p>&#8220;N\u00e3o temos como saber o que vai acontecer daqui para as elei\u00e7\u00f5es. Eu espero que a partir de junho tenhamos uma queda no n\u00famero de casos e se isso acontecer as elei\u00e7\u00f5es est\u00e3o garantidas, mas se na\u00f5 houver esse cen\u00e1rio a\u00ed teremos que ver o que ser\u00e1 feito&#8221;, explicou.<\/p>\n","protected":false},"excerpt":{"rendered":"<p>A pol\u00eamica em torno do adiamento ou n\u00e3o das elei\u00e7\u00f5es parece estar resolvida para o&nbsp;governador da Para\u00edba, Jo\u00e3o Azev\u00eado. Ao ser questionado durante&nbsp;entrevista ao programa&hellip; <\/p>\n","protected":false},"author":2,"featured_media":163866,"comment_status":"closed","ping_status":"closed","sticky":false,"template":"","format":"standard","meta":{"sfsi_plus_gutenberg_text_before_share":"","sfsi_plus_gutenberg_show_text_before_share":"","sfsi_plus_gutenberg_icon_type":"","sfsi_plus_gutenberg_icon_alignemt":"","sfsi_plus_gutenburg_max_per_row":"","footnotes":""},"categories":[2],"tags":[],"class_list":["post-165529","post","type-post","status-publish","format-standard","has-post-thumbnail","hentry","category-geral"],"_links":{"self":[{"href":"https:\/\/www.caririemacao.com\/1\/wp-json\/wp\/v2\/posts\/165529","targetHints":{"allow":["GET"]}}],"collection":[{"href":"https:\/\/www.caririemacao.com\/1\/wp-json\/wp\/v2\/posts"}],"about":[{"href":"https:\/\/www.caririemacao.com\/1\/wp-json\/wp\/v2\/types\/post"}],"author":[{"embeddable":true,"href":"https:\/\/www.caririemacao.com\/1\/wp-json\/wp\/v2\/users\/2"}],"replies":[{"embeddable":true,"href":"https:\/\/www.caririemacao.com\/1\/wp-json\/wp\/v2\/comments?post=165529"}],"version-history":[{"count":1,"href":"https:\/\/www.caririemacao.com\/1\/wp-json\/wp\/v2\/posts\/165529\/revisions"}],"predecessor-version":[{"id":165530,"href":"https:\/\/www.caririemacao.com\/1\/wp-json\/wp\/v2\/posts\/165529\/revisions\/165530"}],"wp:featuredmedia":[{"embeddable":true,"href":"https:\/\/www.caririemacao.com\/1\/wp-json\/wp\/v2\/media\/163866"}],"wp:attachment":[{"href":"https:\/\/www.caririemacao.com\/1\/wp-json\/wp\/v2\/media?parent=165529"}],"wp:term":[{"taxonomy":"category","embeddable":true,"href":"https:\/\/www.caririemacao.com\/1\/wp-json\/wp\/v2\/categories?post=165529"},{"taxonomy":"post_tag","embeddable":true,"href":"https:\/\/www.caririemacao.com\/1\/wp-json\/wp\/v2\/tags?post=165529"}],"curies":[{"name":"wp","href":"https:\/\/api.w.org\/{rel}","templated":true}]}}