{"id":165533,"date":"2020-04-23T07:25:40","date_gmt":"2020-04-23T10:25:40","guid":{"rendered":"http:\/\/www.caririemacao.com\/1\/?p=165533"},"modified":"2020-04-23T07:25:41","modified_gmt":"2020-04-23T10:25:41","slug":"brasil-tem-2-906-mortes-e-45-757-casos-de-coronavirus-diz-ministerio","status":"publish","type":"post","link":"https:\/\/www.caririemacao.com\/1\/2020\/04\/23\/brasil-tem-2-906-mortes-e-45-757-casos-de-coronavirus-diz-ministerio\/","title":{"rendered":"Brasil tem 2.906 mortes e 45.757 casos de coronav\u00edrus, diz minist\u00e9rio"},"content":{"rendered":"\n\n\n<p>O Minist\u00e9rio da Sa\u00fade divulgou nesta quarta-feira (22) o mais recente balan\u00e7o dos casos de coronav\u00edrus no Brasil. Os principais dados s\u00e3o:<\/p>\n\n\n\n<ul class=\"wp-block-list\"><li>2.906 mortes, na ter\u00e7a eram 2.741.<\/li><li>45.757 casos confirmados, na ter\u00e7a eram 43.079.<\/li><li>Em 7 dias, foram mais 982 mortes confirmadas.<\/li><li>S\u00e3o Paulo tem 1.134 mortes e 15.914 casos.<\/li><\/ul>\n\n\n\n<figure class=\"wp-block-image\"><img decoding=\"async\" data-src=\"https:\/\/s2.glbimg.com\/dcJ0_UCEpLxBPWw2oKcB8LulddE=\/0x0:1200x1313\/984x0\/smart\/filters:strip_icc()\/i.s3.glbimg.com\/v1\/AUTH_59edd422c0c84a879bd37670ae4f538a\/internal_photos\/bs\/2020\/o\/A\/GzYbBFTJWuL3UIFgGkJw\/mortes-mes-copia.png\" alt=\"\" src=\"data:image\/svg+xml;base64,PHN2ZyB3aWR0aD0iMSIgaGVpZ2h0PSIxIiB4bWxucz0iaHR0cDovL3d3dy53My5vcmcvMjAwMC9zdmciPjwvc3ZnPg==\" class=\"lazyload\" \/><\/figure>\n\n\n\n<figure class=\"wp-block-image\"><img decoding=\"async\" data-src=\"https:\/\/s2.glbimg.com\/7mnXJWHd09qaf5S1cdfedU-pjtQ=\/0x0:1200x3561\/984x0\/smart\/filters:strip_icc()\/i.s3.glbimg.com\/v1\/AUTH_59edd422c0c84a879bd37670ae4f538a\/internal_photos\/bs\/2020\/a\/t\/HhDyrcQzawpn600GmJ3Q\/mapa2204.png\" alt=\"\" src=\"data:image\/svg+xml;base64,PHN2ZyB3aWR0aD0iMSIgaGVpZ2h0PSIxIiB4bWxucz0iaHR0cDovL3d3dy53My5vcmcvMjAwMC9zdmciPjwvc3ZnPg==\" class=\"lazyload\" \/><\/figure>\n","protected":false},"excerpt":{"rendered":"<p>O Minist\u00e9rio da Sa\u00fade divulgou nesta quarta-feira (22) o mais recente balan\u00e7o dos casos de coronav\u00edrus no Brasil. Os principais dados s\u00e3o: 2.906 mortes, na&hellip; <\/p>\n","protected":false},"author":2,"featured_media":165534,"comment_status":"closed","ping_status":"closed","sticky":false,"template":"","format":"standard","meta":{"sfsi_plus_gutenberg_text_before_share":"","sfsi_plus_gutenberg_show_text_before_share":"","sfsi_plus_gutenberg_icon_type":"","sfsi_plus_gutenberg_icon_alignemt":"","sfsi_plus_gutenburg_max_per_row":"","footnotes":""},"categories":[2],"tags":[],"class_list":["post-165533","post","type-post","status-publish","format-standard","has-post-thumbnail","hentry","category-geral"],"_links":{"self":[{"href":"https:\/\/www.caririemacao.com\/1\/wp-json\/wp\/v2\/posts\/165533","targetHints":{"allow":["GET"]}}],"collection":[{"href":"https:\/\/www.caririemacao.com\/1\/wp-json\/wp\/v2\/posts"}],"about":[{"href":"https:\/\/www.caririemacao.com\/1\/wp-json\/wp\/v2\/types\/post"}],"author":[{"embeddable":true,"href":"https:\/\/www.caririemacao.com\/1\/wp-json\/wp\/v2\/users\/2"}],"replies":[{"embeddable":true,"href":"https:\/\/www.caririemacao.com\/1\/wp-json\/wp\/v2\/comments?post=165533"}],"version-history":[{"count":1,"href":"https:\/\/www.caririemacao.com\/1\/wp-json\/wp\/v2\/posts\/165533\/revisions"}],"predecessor-version":[{"id":165535,"href":"https:\/\/www.caririemacao.com\/1\/wp-json\/wp\/v2\/posts\/165533\/revisions\/165535"}],"wp:featuredmedia":[{"embeddable":true,"href":"https:\/\/www.caririemacao.com\/1\/wp-json\/wp\/v2\/media\/165534"}],"wp:attachment":[{"href":"https:\/\/www.caririemacao.com\/1\/wp-json\/wp\/v2\/media?parent=165533"}],"wp:term":[{"taxonomy":"category","embeddable":true,"href":"https:\/\/www.caririemacao.com\/1\/wp-json\/wp\/v2\/categories?post=165533"},{"taxonomy":"post_tag","embeddable":true,"href":"https:\/\/www.caririemacao.com\/1\/wp-json\/wp\/v2\/tags?post=165533"}],"curies":[{"name":"wp","href":"https:\/\/api.w.org\/{rel}","templated":true}]}}