{"id":165540,"date":"2020-04-23T07:31:26","date_gmt":"2020-04-23T10:31:26","guid":{"rendered":"http:\/\/www.caririemacao.com\/1\/?p=165540"},"modified":"2020-04-23T07:31:27","modified_gmt":"2020-04-23T10:31:27","slug":"nelson-teich-anuncia-general-eduardo-pazuello-como-novo-numero-2-do-ministerio-da-saude","status":"publish","type":"post","link":"https:\/\/www.caririemacao.com\/1\/2020\/04\/23\/nelson-teich-anuncia-general-eduardo-pazuello-como-novo-numero-2-do-ministerio-da-saude\/","title":{"rendered":"Nelson Teich anuncia general Eduardo Pazuello como novo n\u00famero 2 do Minist\u00e9rio da Sa\u00fade"},"content":{"rendered":"\n<p>O ministro da Sa\u00fade, Nelson Teich, anunciou nesta quarta-feira (22) Eduardo Pazuello como novo secret\u00e1rio-executivo do Minist\u00e9rio da Sa\u00fade.&nbsp;General do Ex\u00e9rcito, Pazuello assumir\u00e1 o cargo no lugar de Jo\u00e3o Gabbardo, que chefiou a secretaria-executiva da pasta na gest\u00e3o de Luiz Henrique Mandetta.<\/p>\n\n\n\n<p>Pazuello se reuniu na manh\u00e3 desta ter\u00e7a com o presidente Jair Bolsonaro e passar\u00e1 a ocupar a fun\u00e7\u00e3o em meio \u00e0 pandemia do novo coronav\u00edrus.&nbsp;Como secret\u00e1rio-executivo, o general atuar\u00e1 como n\u00famero dois do ministro Nelson Teich, que tomou posse na semana passada.<\/p>\n\n\n\n<p><strong>Perfil&nbsp; &nbsp; &nbsp; &nbsp; &nbsp; &nbsp; &nbsp; &nbsp; &nbsp;<\/strong><br>O novo secret\u00e1rio-executivo nasceu no Rio de Janeiro, formou-se na Academia Militar das Agulhas Negras em 1984. Bolsonaro tamb\u00e9m se formou na institui\u00e7\u00e3o.&nbsp;Na academia, fez cursos de opera\u00e7\u00f5es na selva, paraquedista e aperfei\u00e7oamento de oficiais.<\/p>\n\n\n\n<p>General de Divis\u00e3o desde 2018, Pazuello atuou como coordenador operacional da For\u00e7a-Tarefa Log\u00edstica Humanit\u00e1ria Opera\u00e7\u00e3o Acolhida, respons\u00e1vel pelos trabalhos relacionados aos cidad\u00e3os venezuelanos que chegaram ao Brasil por Roraima, fugindo na crise no pa\u00eds vizinho.<\/p>\n\n\n\n<p>Ex-comandante da Base de Apoio Log\u00edstico do Ex\u00e9rcito, o novo secret\u00e1rio-executivo do minist\u00e9rio trabalhou como coordenador log\u00edstico das tropas do Ex\u00e9rcito na Olimp\u00edada de 2016.<\/p>\n\n\n\n<p><strong>Militares no governo&nbsp; &nbsp; &nbsp; &nbsp; &nbsp; &nbsp; &nbsp; &nbsp;&nbsp;<\/strong><br>Em fevereiro deste ano, o presidente Jair Bolsonaro afirmou que havia montado um governo &#8220;todo militarizado&#8221;.<\/p>\n\n\n\n<p>Isso porque os quatro ministros com gabinetes no Pal\u00e1cio do Planalto s\u00e3o militares: Braga Netto (Casa Civil), Jorge Oliveira (Secretaria-Geral), Augusto Heleno (Gabinete de Seguran\u00e7a Institucional) e Luiz Eduardo Ramos (Secretaria de Governo).<\/p>\n\n\n\n<p>Al\u00e9m deles, h\u00e1 outros ministros militares, entre os quais Fernando Azevedo e Silva (Defesa), Bento Albuquerque (Minas e Energia) e Marcos Pontes (Ci\u00eancia e Tecnologia).<\/p>\n\n\n\n<p>O aproveitamento de quadros militares no governo era defendido por Bolsonaro desde a campanha eleitoral. O pr\u00f3prio presidente, deputado federal por 28 anos, \u00e9 capit\u00e3o reformado do Ex\u00e9rcito.O vice, Hamilton Mour\u00e3o, \u00e9 general da reserva.<\/p>\n","protected":false},"excerpt":{"rendered":"<p>O ministro da Sa\u00fade, Nelson Teich, anunciou nesta quarta-feira (22) Eduardo Pazuello como novo secret\u00e1rio-executivo do Minist\u00e9rio da Sa\u00fade.&nbsp;General do Ex\u00e9rcito, Pazuello assumir\u00e1 o cargo&hellip; <\/p>\n","protected":false},"author":2,"featured_media":165541,"comment_status":"closed","ping_status":"closed","sticky":false,"template":"","format":"standard","meta":{"sfsi_plus_gutenberg_text_before_share":"","sfsi_plus_gutenberg_show_text_before_share":"","sfsi_plus_gutenberg_icon_type":"","sfsi_plus_gutenberg_icon_alignemt":"","sfsi_plus_gutenburg_max_per_row":"","footnotes":""},"categories":[2],"tags":[],"class_list":["post-165540","post","type-post","status-publish","format-standard","has-post-thumbnail","hentry","category-geral"],"_links":{"self":[{"href":"https:\/\/www.caririemacao.com\/1\/wp-json\/wp\/v2\/posts\/165540","targetHints":{"allow":["GET"]}}],"collection":[{"href":"https:\/\/www.caririemacao.com\/1\/wp-json\/wp\/v2\/posts"}],"about":[{"href":"https:\/\/www.caririemacao.com\/1\/wp-json\/wp\/v2\/types\/post"}],"author":[{"embeddable":true,"href":"https:\/\/www.caririemacao.com\/1\/wp-json\/wp\/v2\/users\/2"}],"replies":[{"embeddable":true,"href":"https:\/\/www.caririemacao.com\/1\/wp-json\/wp\/v2\/comments?post=165540"}],"version-history":[{"count":1,"href":"https:\/\/www.caririemacao.com\/1\/wp-json\/wp\/v2\/posts\/165540\/revisions"}],"predecessor-version":[{"id":165542,"href":"https:\/\/www.caririemacao.com\/1\/wp-json\/wp\/v2\/posts\/165540\/revisions\/165542"}],"wp:featuredmedia":[{"embeddable":true,"href":"https:\/\/www.caririemacao.com\/1\/wp-json\/wp\/v2\/media\/165541"}],"wp:attachment":[{"href":"https:\/\/www.caririemacao.com\/1\/wp-json\/wp\/v2\/media?parent=165540"}],"wp:term":[{"taxonomy":"category","embeddable":true,"href":"https:\/\/www.caririemacao.com\/1\/wp-json\/wp\/v2\/categories?post=165540"},{"taxonomy":"post_tag","embeddable":true,"href":"https:\/\/www.caririemacao.com\/1\/wp-json\/wp\/v2\/tags?post=165540"}],"curies":[{"name":"wp","href":"https:\/\/api.w.org\/{rel}","templated":true}]}}