{"id":165546,"date":"2020-04-23T07:34:02","date_gmt":"2020-04-23T10:34:02","guid":{"rendered":"http:\/\/www.caririemacao.com\/1\/?p=165546"},"modified":"2020-04-23T07:34:04","modified_gmt":"2020-04-23T10:34:04","slug":"acordos-para-reducao-de-salario-e-jornada-de-trabalho-entre-empresas-e-empregados-chegam-a-25-milhoes","status":"publish","type":"post","link":"https:\/\/www.caririemacao.com\/1\/2020\/04\/23\/acordos-para-reducao-de-salario-e-jornada-de-trabalho-entre-empresas-e-empregados-chegam-a-25-milhoes\/","title":{"rendered":"Acordos para redu\u00e7\u00e3o de sal\u00e1rio e jornada de trabalho entre empresas e empregados chegam a 2,5 milh\u00f5es"},"content":{"rendered":"\n<figure class=\"wp-block-image\"><img decoding=\"async\" data-src=\"https:\/\/thumbor.clickpb.com.br\/CdgKgz0EGwCq1y2zBCtkzE5Iz2Q=\/876x585\/top\/smart\/www.clickpb.com.br\/media\/filer_public\/42\/b0\/42b0fe6e-ac3e-4dac-9f4a-00bfdec03ada\/carteira_de_trabalho2.jpg\" alt=\"\" src=\"data:image\/svg+xml;base64,PHN2ZyB3aWR0aD0iMSIgaGVpZ2h0PSIxIiB4bWxucz0iaHR0cDovL3d3dy53My5vcmcvMjAwMC9zdmciPjwvc3ZnPg==\" class=\"lazyload\" \/><\/figure>\n\n\n\n<p>O governo j\u00e1 registrou mais de 2,5 milh\u00f5es de acordos (coletivos ou individuais) entre empresas e empregados para reduzir jornada e sal\u00e1rio ou suspender contratos durante a crise provocada pela pandemia do novo coronav\u00edrus. Esses trabalhadores receber\u00e3o um benef\u00edcio emergencial equivalente a uma parte do seguro-desemprego a que teriam direito caso fossem demitidos, um aux\u00edlio do governo para amortecer a perda na renda da fam\u00edlia.<\/p>\n\n\n\n<p>Os n\u00fameros s\u00e3o processados pela Dataprev, que analisa um a um os arquivos enviados pelas empresas. Algumas fecham mais de um acordo e prestam essa informa\u00e7\u00e3o de uma vez s\u00f3. Por isso, \u00e9 preciso analisar caso a caso para chegar ao n\u00famero exato.<\/p>\n\n\n\n<p>O governo espera colocar \u00e0 disposi\u00e7\u00e3o para consultas p\u00fablicas um &#8220;empreg\u00f4metro&#8221;, esp\u00e9cie de contador do n\u00famero de acordos fechados entre empresas e sal\u00e1rios.<\/p>\n\n\n\n<p>As negocia\u00e7\u00f5es individuais valem para os trabalhadores com carteira assinada e que recebem at\u00e9 R$ 3.135 ou que tenham ensino superior e ganham acima de R$ 12.202,12. Quem tem sal\u00e1rio intermedi\u00e1rio tamb\u00e9m pode negociar individualmente para reduzir 25% da jornada e do sal\u00e1rio, mas depende de acordos coletivos, negociados pelos sindicatos das categorias, para altera\u00e7\u00f5es mais radicais no contrato.<\/p>\n\n\n\n<figure class=\"wp-block-image\"><img decoding=\"async\" data-src=\"https:\/\/www.clickpb.com.br\/media\/filer_public\/39\/70\/39700712-f2c1-4c77-97b4-9f30617239dc\/acordo-entre-patrao-e-funcionario.png\" alt=\"\" src=\"data:image\/svg+xml;base64,PHN2ZyB3aWR0aD0iMSIgaGVpZ2h0PSIxIiB4bWxucz0iaHR0cDovL3d3dy53My5vcmcvMjAwMC9zdmciPjwvc3ZnPg==\" class=\"lazyload\" \/><\/figure>\n\n\n\n<p>A expectativa do governo \u00e9 que o n\u00famero cres\u00e7a ainda mais com a decis\u00e3o do Supremo Tribunal Federal (STF) de assegurar a validade imediata dos acordos individuais.<\/p>\n\n\n\n<p>No total do programa, a equipe econ\u00f4mica prev\u00ea que at\u00e9 24,5 milh\u00f5es de trabalhadores receber\u00e3o o benef\u00edcio emergencial &#8211; ou seja, ser\u00e3o impactados pelas redu\u00e7\u00f5es de jornada e sal\u00e1rio ou suspens\u00e3o de contratos. O n\u00famero equivale a 73% dos v\u00ednculos com carteira assinada no Pa\u00eds.<\/p>\n\n\n\n<p>A medida permite redu\u00e7\u00e3o de jornada em 25%, 50% ou 70%, com um corte proporcional no sal\u00e1rio, por at\u00e9 tr\u00eas meses. Tamb\u00e9m \u00e9 poss\u00edvel suspender o contrato por at\u00e9 dois meses. Em todos os casos, o governo pagar\u00e1 uma parte do seguro-desemprego a que o trabalhador teria direito.<\/p>\n\n\n\n<p>Hoje a parcela do seguro vai de R$ 1.045 a R$ 1.813,03. Na redu\u00e7\u00e3o de jornada, o governo paga o mesmo porcentual do corte (25%, 50% ou 70%) calculado sobre o seguro. Na suspens\u00e3o de contrato, o governo paga 70% do seguro, em caso de empregados de grandes empresas, ou 100%, em caso de trabalhadores de pequenas e m\u00e9dias companhias.<\/p>\n\n\n\n<p>Na soma da parcela salarial e da parte paga pelo governo, nenhum trabalhador receber\u00e1 menos que um sal\u00e1rio m\u00ednimo.<\/p>\n","protected":false},"excerpt":{"rendered":"<p>O governo j\u00e1 registrou mais de 2,5 milh\u00f5es de acordos (coletivos ou individuais) entre empresas e empregados para reduzir jornada e sal\u00e1rio ou suspender contratos&hellip; <\/p>\n","protected":false},"author":2,"featured_media":165547,"comment_status":"closed","ping_status":"closed","sticky":false,"template":"","format":"standard","meta":{"sfsi_plus_gutenberg_text_before_share":"","sfsi_plus_gutenberg_show_text_before_share":"","sfsi_plus_gutenberg_icon_type":"","sfsi_plus_gutenberg_icon_alignemt":"","sfsi_plus_gutenburg_max_per_row":"","footnotes":""},"categories":[2],"tags":[],"class_list":["post-165546","post","type-post","status-publish","format-standard","has-post-thumbnail","hentry","category-geral"],"_links":{"self":[{"href":"https:\/\/www.caririemacao.com\/1\/wp-json\/wp\/v2\/posts\/165546","targetHints":{"allow":["GET"]}}],"collection":[{"href":"https:\/\/www.caririemacao.com\/1\/wp-json\/wp\/v2\/posts"}],"about":[{"href":"https:\/\/www.caririemacao.com\/1\/wp-json\/wp\/v2\/types\/post"}],"author":[{"embeddable":true,"href":"https:\/\/www.caririemacao.com\/1\/wp-json\/wp\/v2\/users\/2"}],"replies":[{"embeddable":true,"href":"https:\/\/www.caririemacao.com\/1\/wp-json\/wp\/v2\/comments?post=165546"}],"version-history":[{"count":1,"href":"https:\/\/www.caririemacao.com\/1\/wp-json\/wp\/v2\/posts\/165546\/revisions"}],"predecessor-version":[{"id":165548,"href":"https:\/\/www.caririemacao.com\/1\/wp-json\/wp\/v2\/posts\/165546\/revisions\/165548"}],"wp:featuredmedia":[{"embeddable":true,"href":"https:\/\/www.caririemacao.com\/1\/wp-json\/wp\/v2\/media\/165547"}],"wp:attachment":[{"href":"https:\/\/www.caririemacao.com\/1\/wp-json\/wp\/v2\/media?parent=165546"}],"wp:term":[{"taxonomy":"category","embeddable":true,"href":"https:\/\/www.caririemacao.com\/1\/wp-json\/wp\/v2\/categories?post=165546"},{"taxonomy":"post_tag","embeddable":true,"href":"https:\/\/www.caririemacao.com\/1\/wp-json\/wp\/v2\/tags?post=165546"}],"curies":[{"name":"wp","href":"https:\/\/api.w.org\/{rel}","templated":true}]}}