{"id":165558,"date":"2020-04-23T09:30:09","date_gmt":"2020-04-23T12:30:09","guid":{"rendered":"http:\/\/www.caririemacao.com\/1\/?p=165558"},"modified":"2020-04-23T09:30:11","modified_gmt":"2020-04-23T12:30:11","slug":"monteiro-homem-e-atingido-com-varios-tiros-por-dupla-criminosa","status":"publish","type":"post","link":"https:\/\/www.caririemacao.com\/1\/2020\/04\/23\/monteiro-homem-e-atingido-com-varios-tiros-por-dupla-criminosa\/","title":{"rendered":"Monteiro: homem \u00e9 atingido com v\u00e1rios tiros por dupla criminosa"},"content":{"rendered":"\n<p>Na noite desta \u00faltima quarta-feira(22) um homem sofreu uma tentativa de homic\u00eddio na cidade de Monteiro, Cariri da Para\u00edba.<\/p>\n\n\n\n<p>Segundo informa\u00e7\u00f5es chegadas a nossa reportagem, um homem identificado por &nbsp;Adeildo da Paz conhecido por Pequeno, foi alvejado por cerca de seis tiros por dois homens de capacete em um moto. O crime aconteceu na rua do Buj\u00e3o, na zona urbana de Monteiro.<\/p>\n\n\n\n<p>A v\u00edtima foi socorrida pelo Samu para o Hospital de Monteiro e em seguida transferida para o Hospital de Emerg\u00eancia e Trauma de Campina Grande.<\/p>\n\n\n\n<p>&nbsp;A dupla segue foragida e a Pol\u00edcia Militar est\u00e1 em busca de informa\u00e7\u00f5es que possam chegar at\u00e9 os autores do crime.<\/p>\n\n\n\n<p><strong>De Olho no Cariri<\/strong><\/p>\n","protected":false},"excerpt":{"rendered":"<p>Na noite desta \u00faltima quarta-feira(22) um homem sofreu uma tentativa de homic\u00eddio na cidade de Monteiro, Cariri da Para\u00edba. Segundo informa\u00e7\u00f5es chegadas a nossa reportagem,&hellip; <\/p>\n","protected":false},"author":1,"featured_media":165559,"comment_status":"closed","ping_status":"closed","sticky":false,"template":"","format":"standard","meta":{"sfsi_plus_gutenberg_text_before_share":"","sfsi_plus_gutenberg_show_text_before_share":"","sfsi_plus_gutenberg_icon_type":"","sfsi_plus_gutenberg_icon_alignemt":"","sfsi_plus_gutenburg_max_per_row":"","footnotes":""},"categories":[50,12],"tags":[],"class_list":["post-165558","post","type-post","status-publish","format-standard","has-post-thumbnail","hentry","category-destaque","category-policia"],"_links":{"self":[{"href":"https:\/\/www.caririemacao.com\/1\/wp-json\/wp\/v2\/posts\/165558","targetHints":{"allow":["GET"]}}],"collection":[{"href":"https:\/\/www.caririemacao.com\/1\/wp-json\/wp\/v2\/posts"}],"about":[{"href":"https:\/\/www.caririemacao.com\/1\/wp-json\/wp\/v2\/types\/post"}],"author":[{"embeddable":true,"href":"https:\/\/www.caririemacao.com\/1\/wp-json\/wp\/v2\/users\/1"}],"replies":[{"embeddable":true,"href":"https:\/\/www.caririemacao.com\/1\/wp-json\/wp\/v2\/comments?post=165558"}],"version-history":[{"count":1,"href":"https:\/\/www.caririemacao.com\/1\/wp-json\/wp\/v2\/posts\/165558\/revisions"}],"predecessor-version":[{"id":165560,"href":"https:\/\/www.caririemacao.com\/1\/wp-json\/wp\/v2\/posts\/165558\/revisions\/165560"}],"wp:featuredmedia":[{"embeddable":true,"href":"https:\/\/www.caririemacao.com\/1\/wp-json\/wp\/v2\/media\/165559"}],"wp:attachment":[{"href":"https:\/\/www.caririemacao.com\/1\/wp-json\/wp\/v2\/media?parent=165558"}],"wp:term":[{"taxonomy":"category","embeddable":true,"href":"https:\/\/www.caririemacao.com\/1\/wp-json\/wp\/v2\/categories?post=165558"},{"taxonomy":"post_tag","embeddable":true,"href":"https:\/\/www.caririemacao.com\/1\/wp-json\/wp\/v2\/tags?post=165558"}],"curies":[{"name":"wp","href":"https:\/\/api.w.org\/{rel}","templated":true}]}}