{"id":165562,"date":"2020-04-23T09:35:46","date_gmt":"2020-04-23T12:35:46","guid":{"rendered":"http:\/\/www.caririemacao.com\/1\/?p=165562"},"modified":"2020-04-23T14:12:25","modified_gmt":"2020-04-23T17:12:25","slug":"prf-apreende-2-mil-pacotes-de-cigarros-contrabandeados-durante-fiscalizacao-no-sertao-da-paraiba","status":"publish","type":"post","link":"https:\/\/www.caririemacao.com\/1\/2020\/04\/23\/prf-apreende-2-mil-pacotes-de-cigarros-contrabandeados-durante-fiscalizacao-no-sertao-da-paraiba\/","title":{"rendered":"PRF apreende 2 mil pacotes de cigarros contrabandeados durante fiscaliza\u00e7\u00e3o no Sert\u00e3o da Para\u00edba"},"content":{"rendered":"\n<p>A Pol\u00edcia Rodovi\u00e1ria Federal na Para\u00edba, com apoio da Pol\u00edcia Militar, apreendeu 2 mil pacotes de cigarros coreanos contrabandeados e prendeu tr\u00eas pessoas durante fiscaliza\u00e7\u00e3o realizada na BR 230, km 492, no munic\u00edpio de Cajazeiras.<\/p>\n\n\n\n<p>A equipe da PRF realizava fiscaliza\u00e7\u00f5es quando desconfiou de tr\u00eas ve\u00edculos que estavam circulando muito pr\u00f3ximos e com pel\u00edculas muito escuras. Ao realizar a abordagem aos ve\u00edculos, foi verificado que no interior dos autom\u00f3veis havia grande quantidade de pacotes de cigarros sem comprova\u00e7\u00e3o de origem e documenta\u00e7\u00e3o fiscal.<\/p>\n\n\n\n<p><strong>LEIA MAIS<\/strong>:&nbsp;<a href=\"https:\/\/www.clickpb.com.br\/Policial\/policia-rodoviaria-federal-na-paraiba-recupera-veiculo-clonado-que-estava-sendo-utilizado-em-aplicativo-de-transporte-de-passageiros-282656.html\">Pol\u00edcia Rodovi\u00e1ria Federal na Para\u00edba recupera ve\u00edculo clonado que estava sendo utilizado em aplicativo de transporte de passageiros<\/a><br><\/p>\n\n\n\n<p>O produto apreendido tem sua comercializa\u00e7\u00e3o proibida no pa\u00eds porque os \u00f3rg\u00e3os de sa\u00fade desconhecem o teor de nicotina e demais componentes do cigarro, o que pode comprometer a sa\u00fade de quem consome.<\/p>\n\n\n\n<p>Os homens detidos n\u00e3o informaram onde conseguiram os cigarros e nem qual seria o destino. O material apreendido e os tr\u00eas homens detidos foram conduzidos \u00e0 Pol\u00edcia Federal.<\/p>\n","protected":false},"excerpt":{"rendered":"<p>A Pol\u00edcia Rodovi\u00e1ria Federal na Para\u00edba, com apoio da Pol\u00edcia Militar, apreendeu 2 mil pacotes de cigarros coreanos contrabandeados e prendeu tr\u00eas pessoas durante fiscaliza\u00e7\u00e3o&hellip; <\/p>\n","protected":false},"author":2,"featured_media":165563,"comment_status":"closed","ping_status":"closed","sticky":false,"template":"","format":"standard","meta":{"sfsi_plus_gutenberg_text_before_share":"","sfsi_plus_gutenberg_show_text_before_share":"","sfsi_plus_gutenberg_icon_type":"","sfsi_plus_gutenberg_icon_alignemt":"","sfsi_plus_gutenburg_max_per_row":"","footnotes":""},"categories":[2],"tags":[],"class_list":["post-165562","post","type-post","status-publish","format-standard","has-post-thumbnail","hentry","category-geral"],"_links":{"self":[{"href":"https:\/\/www.caririemacao.com\/1\/wp-json\/wp\/v2\/posts\/165562","targetHints":{"allow":["GET"]}}],"collection":[{"href":"https:\/\/www.caririemacao.com\/1\/wp-json\/wp\/v2\/posts"}],"about":[{"href":"https:\/\/www.caririemacao.com\/1\/wp-json\/wp\/v2\/types\/post"}],"author":[{"embeddable":true,"href":"https:\/\/www.caririemacao.com\/1\/wp-json\/wp\/v2\/users\/2"}],"replies":[{"embeddable":true,"href":"https:\/\/www.caririemacao.com\/1\/wp-json\/wp\/v2\/comments?post=165562"}],"version-history":[{"count":2,"href":"https:\/\/www.caririemacao.com\/1\/wp-json\/wp\/v2\/posts\/165562\/revisions"}],"predecessor-version":[{"id":165742,"href":"https:\/\/www.caririemacao.com\/1\/wp-json\/wp\/v2\/posts\/165562\/revisions\/165742"}],"wp:featuredmedia":[{"embeddable":true,"href":"https:\/\/www.caririemacao.com\/1\/wp-json\/wp\/v2\/media\/165563"}],"wp:attachment":[{"href":"https:\/\/www.caririemacao.com\/1\/wp-json\/wp\/v2\/media?parent=165562"}],"wp:term":[{"taxonomy":"category","embeddable":true,"href":"https:\/\/www.caririemacao.com\/1\/wp-json\/wp\/v2\/categories?post=165562"},{"taxonomy":"post_tag","embeddable":true,"href":"https:\/\/www.caririemacao.com\/1\/wp-json\/wp\/v2\/tags?post=165562"}],"curies":[{"name":"wp","href":"https:\/\/api.w.org\/{rel}","templated":true}]}}