{"id":165569,"date":"2020-04-23T09:49:30","date_gmt":"2020-04-23T12:49:30","guid":{"rendered":"http:\/\/www.caririemacao.com\/1\/?p=165569"},"modified":"2020-04-23T09:49:31","modified_gmt":"2020-04-23T12:49:31","slug":"homem-morre-em-casa-vitima-de-covid-19-na-pb","status":"publish","type":"post","link":"https:\/\/www.caririemacao.com\/1\/2020\/04\/23\/homem-morre-em-casa-vitima-de-covid-19-na-pb\/","title":{"rendered":"Homem morre em casa v\u00edtima de Covid-19 na PB"},"content":{"rendered":"\n<p>Um homem de 71 anos morreu em casa v\u00edtima do novo coronav\u00edrus na Para\u00edba. De acordo com a Secretaria Estadual de Sa\u00fade, ele morava em Santa Rita, na Grande Jo\u00e3o Pessoa, e era hipertenso.<\/p>\n\n\n\n<p>O \u00f3bito aconteceu nessa ter\u00e7a-feira (21). Ele&nbsp;foi levado ao Servi\u00e7o Verifica\u00e7\u00e3o de \u00d3bito Estadual \u2013 SVO, coletado amostra e o exame positivou para Covid-19.<\/p>\n\n\n\n<p>Segundo novo boletim da SES divulgado nesta quarta-feira (22), a Para\u00edba tem 345 casos confirmados e 40 mortes por coronav\u00edrus. Cento e dezesseis pessoas j\u00e1 se recuperaram.<\/p>\n\n\n\n<p>De ontem para hoje, 44 novos casos foram registrados, segundo a SES, enquanto o aumento de \u00f3bitos foi de um.<\/p>\n\n\n\n<p>Os casos est\u00e3o distribu\u00eddos em 27 munic\u00edpios: Jo\u00e3o Pessoa (230), Santa Rita (25), Campina Grande (24), Cabedelo (15), Bayeux (10), Patos (8), Junco do Serid\u00f3 (3), Pombal (2), Serra Branca (1), Sap\u00e9 (8), Sousa (2), Igaracy (1), Tapero\u00e1 (1), S\u00e3o Jo\u00e3o do Rio do Peixe (1), Riach\u00e3o do Po\u00e7o (1), S\u00e3o Bento (1), Congo (1), Queimadas (1), Bom Jesus (1), Conde (1), Cruz do Esp\u00edrito Santo (1), Itabaiana (1), Cajazeiras (2), Itapororoca (1), Barra de S\u00e3o Miguel (1), Alagoa Nova (1), Coremas (1)<\/p>\n\n\n\n<p><strong>MaisPB<\/strong><\/p>\n","protected":false},"excerpt":{"rendered":"<p>Um homem de 71 anos morreu em casa v\u00edtima do novo coronav\u00edrus na Para\u00edba. De acordo com a Secretaria Estadual de Sa\u00fade, ele morava em&hellip; <\/p>\n","protected":false},"author":2,"featured_media":165570,"comment_status":"closed","ping_status":"closed","sticky":false,"template":"","format":"standard","meta":{"sfsi_plus_gutenberg_text_before_share":"","sfsi_plus_gutenberg_show_text_before_share":"","sfsi_plus_gutenberg_icon_type":"","sfsi_plus_gutenberg_icon_alignemt":"","sfsi_plus_gutenburg_max_per_row":"","footnotes":""},"categories":[2],"tags":[],"class_list":["post-165569","post","type-post","status-publish","format-standard","has-post-thumbnail","hentry","category-geral"],"_links":{"self":[{"href":"https:\/\/www.caririemacao.com\/1\/wp-json\/wp\/v2\/posts\/165569","targetHints":{"allow":["GET"]}}],"collection":[{"href":"https:\/\/www.caririemacao.com\/1\/wp-json\/wp\/v2\/posts"}],"about":[{"href":"https:\/\/www.caririemacao.com\/1\/wp-json\/wp\/v2\/types\/post"}],"author":[{"embeddable":true,"href":"https:\/\/www.caririemacao.com\/1\/wp-json\/wp\/v2\/users\/2"}],"replies":[{"embeddable":true,"href":"https:\/\/www.caririemacao.com\/1\/wp-json\/wp\/v2\/comments?post=165569"}],"version-history":[{"count":1,"href":"https:\/\/www.caririemacao.com\/1\/wp-json\/wp\/v2\/posts\/165569\/revisions"}],"predecessor-version":[{"id":165571,"href":"https:\/\/www.caririemacao.com\/1\/wp-json\/wp\/v2\/posts\/165569\/revisions\/165571"}],"wp:featuredmedia":[{"embeddable":true,"href":"https:\/\/www.caririemacao.com\/1\/wp-json\/wp\/v2\/media\/165570"}],"wp:attachment":[{"href":"https:\/\/www.caririemacao.com\/1\/wp-json\/wp\/v2\/media?parent=165569"}],"wp:term":[{"taxonomy":"category","embeddable":true,"href":"https:\/\/www.caririemacao.com\/1\/wp-json\/wp\/v2\/categories?post=165569"},{"taxonomy":"post_tag","embeddable":true,"href":"https:\/\/www.caririemacao.com\/1\/wp-json\/wp\/v2\/tags?post=165569"}],"curies":[{"name":"wp","href":"https:\/\/api.w.org\/{rel}","templated":true}]}}