{"id":165578,"date":"2020-04-23T09:53:40","date_gmt":"2020-04-23T12:53:40","guid":{"rendered":"http:\/\/www.caririemacao.com\/1\/?p=165578"},"modified":"2020-04-23T14:13:49","modified_gmt":"2020-04-23T17:13:49","slug":"colapso-em-pernambuco-e-ceara-preocupa-paraiba","status":"publish","type":"post","link":"https:\/\/www.caririemacao.com\/1\/2020\/04\/23\/colapso-em-pernambuco-e-ceara-preocupa-paraiba\/","title":{"rendered":"Colapso em Pernambuco e Cear\u00e1 preocupa Para\u00edba"},"content":{"rendered":"\n<p>Geraldo Medeiros e Jo\u00e3o Azev\u00eado durante entrega simb\u00f3lica do Hospital Solid\u00e1rio<\/p>\n\n\n\n<p>O quadro cr\u00edtico de Pernambuco e Cear\u00e1 preocupa o governador da Para\u00edba, Jo\u00e3o Azev\u00eado (Cidadania).<\/p>\n\n\n\n<p>Em entrevista \u00e0 r\u00e1dio Arapuan, nesta quarta-feira (22), Azev\u00eado disse que o colapso no Sistema de Sa\u00fade dos estados vizinhos por causa da pandemia do novo coronav\u00edrus far\u00e1 com que as pessoas \u201ccorram para Para\u00edba\u201d.<\/p>\n\n\n\n<p>\u201cEstamos subindo a ladeira, estamos no ponto que a cada dia a quantidade de casos que est\u00e3o ocorrendo. Os estados vizinhos est\u00e3o sofrendo e sofrendo muito. Sabemos muito bem que no Nordeste temos Cear\u00e1 e Pernambuco com mais de 200 mortes, isso causa apreens\u00e3o em todos n\u00f3s. O colapso na sa\u00fade vai fazer com que pessoas corram para Para\u00edba. A nossa defini\u00e7\u00e3o em rela\u00e7\u00e3o a reabertura [do com\u00e9rcio] se faz baseada em informa\u00e7\u00f5es cientificas\u201d, afirmou.<\/p>\n\n\n\n<p>O governador disse que a reabertura do com\u00e9rcio ser\u00e1 feita quando o estado tiver condi\u00e7\u00f5es. Jo\u00e3o Azev\u00eado citou o aumento de casos de Covid-19 em Campina Grande quando a discuss\u00e3o sobre a reabertura do setor econ\u00f4mico foi colocada em pauta.<\/p>\n\n\n\n<p>\u201cA minha ansiedade \u00e9 grande com que a vida volte ao normal, desejo que voltemos ao normal o mais rap\u00eddo, mas s\u00f3 podemos se tivermos condi\u00e7\u00f5es para que isso ocorra. Vejam que recententemente a gente tava discutindo com Campina Grande sobre a abertura ou n\u00e3o do comercio. Naquele dia n\u00f3s t\u00ednhamos quatro casos. Hoje j\u00e1 temos 20. Estamos subindo a ladeira, n\u00e3o chegamos em cima da montanha para descer do outro lado\u201d, declarou.<\/p>\n\n\n\n<p><strong>Pernambuco e Cear\u00e1&nbsp;<\/strong><\/p>\n\n\n\n<p>Pernambuco registou, nesta quarta-feira, o recorde di\u00e1rio de novo casos da Covid-19, 390. O Estado totaliza 3.298 casos confirmados. Tamb\u00e9m foram confirmadas mais 22 mortes, chegando ao n\u00famero de 282 \u00f3bitos pelo coronav\u00edrus.<\/p>\n\n\n\n<p>J\u00e1 o Cear\u00e1, de acordo com o boletim divulgado pelo Minist\u00e9rio da Sa\u00fade ontem (21), tem 3.716 casos e 215 mortes.<\/p>\n\n\n\n<p>Ambos estados est\u00e3o com seus leitos de UTIs lotados.<\/p>\n\n\n\n<p><strong>MaisPB<\/strong><\/p>\n","protected":false},"excerpt":{"rendered":"<p>Geraldo Medeiros e Jo\u00e3o Azev\u00eado durante entrega simb\u00f3lica do Hospital Solid\u00e1rio O quadro cr\u00edtico de Pernambuco e Cear\u00e1 preocupa o governador da Para\u00edba, Jo\u00e3o Azev\u00eado&hellip; <\/p>\n","protected":false},"author":2,"featured_media":165579,"comment_status":"closed","ping_status":"closed","sticky":false,"template":"","format":"standard","meta":{"sfsi_plus_gutenberg_text_before_share":"","sfsi_plus_gutenberg_show_text_before_share":"","sfsi_plus_gutenberg_icon_type":"","sfsi_plus_gutenberg_icon_alignemt":"","sfsi_plus_gutenburg_max_per_row":"","footnotes":""},"categories":[2],"tags":[],"class_list":["post-165578","post","type-post","status-publish","format-standard","has-post-thumbnail","hentry","category-geral"],"_links":{"self":[{"href":"https:\/\/www.caririemacao.com\/1\/wp-json\/wp\/v2\/posts\/165578","targetHints":{"allow":["GET"]}}],"collection":[{"href":"https:\/\/www.caririemacao.com\/1\/wp-json\/wp\/v2\/posts"}],"about":[{"href":"https:\/\/www.caririemacao.com\/1\/wp-json\/wp\/v2\/types\/post"}],"author":[{"embeddable":true,"href":"https:\/\/www.caririemacao.com\/1\/wp-json\/wp\/v2\/users\/2"}],"replies":[{"embeddable":true,"href":"https:\/\/www.caririemacao.com\/1\/wp-json\/wp\/v2\/comments?post=165578"}],"version-history":[{"count":2,"href":"https:\/\/www.caririemacao.com\/1\/wp-json\/wp\/v2\/posts\/165578\/revisions"}],"predecessor-version":[{"id":165743,"href":"https:\/\/www.caririemacao.com\/1\/wp-json\/wp\/v2\/posts\/165578\/revisions\/165743"}],"wp:featuredmedia":[{"embeddable":true,"href":"https:\/\/www.caririemacao.com\/1\/wp-json\/wp\/v2\/media\/165579"}],"wp:attachment":[{"href":"https:\/\/www.caririemacao.com\/1\/wp-json\/wp\/v2\/media?parent=165578"}],"wp:term":[{"taxonomy":"category","embeddable":true,"href":"https:\/\/www.caririemacao.com\/1\/wp-json\/wp\/v2\/categories?post=165578"},{"taxonomy":"post_tag","embeddable":true,"href":"https:\/\/www.caririemacao.com\/1\/wp-json\/wp\/v2\/tags?post=165578"}],"curies":[{"name":"wp","href":"https:\/\/api.w.org\/{rel}","templated":true}]}}