{"id":165583,"date":"2020-04-23T09:59:52","date_gmt":"2020-04-23T12:59:52","guid":{"rendered":"http:\/\/www.caririemacao.com\/1\/?p=165583"},"modified":"2020-04-23T09:59:55","modified_gmt":"2020-04-23T12:59:55","slug":"colisao-frontal-e-registrada-na-br-110-proximo-a-vila-lafayette-em-monteiro","status":"publish","type":"post","link":"https:\/\/www.caririemacao.com\/1\/2020\/04\/23\/colisao-frontal-e-registrada-na-br-110-proximo-a-vila-lafayette-em-monteiro\/","title":{"rendered":"Colis\u00e3o frontal \u00e9 registrada na BR-110 pr\u00f3ximo \u00e0 Vila Lafayette em Monteiro"},"content":{"rendered":"\n<div class=\"wp-block-image\"><figure class=\"aligncenter\"><img decoding=\"async\" data-src=\"https:\/\/opipoco.com.br\/wp-content\/uploads\/2020\/04\/COLISAO-1.png\" alt=\"COLISAO-1 Colis\u00e3o frontal \u00e9 registrada na BR-110 pr\u00f3ximo \u00e0 Vila Lafayette em Monteiro\" class=\"wp-image-88120 lazyload\" src=\"data:image\/svg+xml;base64,PHN2ZyB3aWR0aD0iMSIgaGVpZ2h0PSIxIiB4bWxucz0iaHR0cDovL3d3dy53My5vcmcvMjAwMC9zdmciPjwvc3ZnPg==\" \/><\/figure><\/div>\n\n\n\n<p>Uma colis\u00e3o entre dois ve\u00edculos foi registrada na noite desta quarta feira, 22, na BR 110,&nbsp;&nbsp;nas proximidades da entrada para a Vila Lafayette.<\/p>\n\n\n\n<p>Segundo informa\u00e7\u00f5es iniciais, uma Parati azul colidiu de frente com um ve\u00edculo Strada vermelha ap\u00f3s invadir a contra m\u00e3o.<\/p>\n\n\n\n<p>O SAMU foi acionado e prestou socorro ao motorista da Parati. J\u00e1 o motorista da Strada n\u00e3o teve maiores ferimentos.<\/p>\n\n\n\n<p>Um dos envolvidos no acidente \u00e9 o popular, conhecido como D\u00eaja Cabrinha, filho da saudosa N\u00eaga Cabrinha,<\/p>\n\n\n\n<p>HORA1PB<\/p>\n","protected":false},"excerpt":{"rendered":"<p>Uma colis\u00e3o entre dois ve\u00edculos foi registrada na noite desta quarta feira, 22, na BR 110,&nbsp;&nbsp;nas proximidades da entrada para a Vila Lafayette. Segundo informa\u00e7\u00f5es&hellip; <\/p>\n","protected":false},"author":2,"featured_media":165584,"comment_status":"closed","ping_status":"closed","sticky":false,"template":"","format":"standard","meta":{"sfsi_plus_gutenberg_text_before_share":"","sfsi_plus_gutenberg_show_text_before_share":"","sfsi_plus_gutenberg_icon_type":"","sfsi_plus_gutenberg_icon_alignemt":"","sfsi_plus_gutenburg_max_per_row":"","footnotes":""},"categories":[2],"tags":[],"class_list":["post-165583","post","type-post","status-publish","format-standard","has-post-thumbnail","hentry","category-geral"],"_links":{"self":[{"href":"https:\/\/www.caririemacao.com\/1\/wp-json\/wp\/v2\/posts\/165583","targetHints":{"allow":["GET"]}}],"collection":[{"href":"https:\/\/www.caririemacao.com\/1\/wp-json\/wp\/v2\/posts"}],"about":[{"href":"https:\/\/www.caririemacao.com\/1\/wp-json\/wp\/v2\/types\/post"}],"author":[{"embeddable":true,"href":"https:\/\/www.caririemacao.com\/1\/wp-json\/wp\/v2\/users\/2"}],"replies":[{"embeddable":true,"href":"https:\/\/www.caririemacao.com\/1\/wp-json\/wp\/v2\/comments?post=165583"}],"version-history":[{"count":1,"href":"https:\/\/www.caririemacao.com\/1\/wp-json\/wp\/v2\/posts\/165583\/revisions"}],"predecessor-version":[{"id":165585,"href":"https:\/\/www.caririemacao.com\/1\/wp-json\/wp\/v2\/posts\/165583\/revisions\/165585"}],"wp:featuredmedia":[{"embeddable":true,"href":"https:\/\/www.caririemacao.com\/1\/wp-json\/wp\/v2\/media\/165584"}],"wp:attachment":[{"href":"https:\/\/www.caririemacao.com\/1\/wp-json\/wp\/v2\/media?parent=165583"}],"wp:term":[{"taxonomy":"category","embeddable":true,"href":"https:\/\/www.caririemacao.com\/1\/wp-json\/wp\/v2\/categories?post=165583"},{"taxonomy":"post_tag","embeddable":true,"href":"https:\/\/www.caririemacao.com\/1\/wp-json\/wp\/v2\/tags?post=165583"}],"curies":[{"name":"wp","href":"https:\/\/api.w.org\/{rel}","templated":true}]}}