{"id":165588,"date":"2020-04-23T10:05:55","date_gmt":"2020-04-23T13:05:55","guid":{"rendered":"http:\/\/www.caririemacao.com\/1\/?p=165588"},"modified":"2020-04-23T10:05:56","modified_gmt":"2020-04-23T13:05:56","slug":"equipe-da-prefeitura-de-sao-jose-dos-cordeiros-faz-manutencao-na-rede-eletrica-da-zona-rural","status":"publish","type":"post","link":"https:\/\/www.caririemacao.com\/1\/2020\/04\/23\/equipe-da-prefeitura-de-sao-jose-dos-cordeiros-faz-manutencao-na-rede-eletrica-da-zona-rural\/","title":{"rendered":"Equipe da Prefeitura de S\u00e3o Jos\u00e9 dos Cordeiros faz manuten\u00e7\u00e3o na rede el\u00e9trica da zona rural"},"content":{"rendered":"\n<p>A equipe de trabalho da Prefeitura de S\u00e3o Jos\u00e9 dos Cordeiros do setor de servi\u00e7os urbanos vem fazendo manuten\u00e7\u00e3o de algumas demandas el\u00e9tricas da zona rural de munic\u00edpio, precisamente nas comunidades Agreste e Franco. <\/p>\n\n\n\n<p>&#8220;Quero agradecer o empenho e dedica\u00e7\u00e3o do respons\u00e1vel Branco S\u00e1 e o eletricista Arimat\u00e9ia. Temos muito a fazer e aos poucos e com recursos pr\u00f3prios estamos cumprindo nosso compromisso com nossos mun\u00edcipes&#8221;, afirmou o prefeito Jefferson Roberto. <\/p>\n","protected":false},"excerpt":{"rendered":"<p>A equipe de trabalho da Prefeitura de S\u00e3o Jos\u00e9 dos Cordeiros do setor de servi\u00e7os urbanos vem fazendo manuten\u00e7\u00e3o de algumas demandas el\u00e9tricas da zona&hellip; <\/p>\n","protected":false},"author":1,"featured_media":165590,"comment_status":"closed","ping_status":"closed","sticky":false,"template":"","format":"standard","meta":{"sfsi_plus_gutenberg_text_before_share":"","sfsi_plus_gutenberg_show_text_before_share":"","sfsi_plus_gutenberg_icon_type":"","sfsi_plus_gutenberg_icon_alignemt":"","sfsi_plus_gutenburg_max_per_row":"","footnotes":""},"categories":[6,50],"tags":[],"class_list":["post-165588","post","type-post","status-publish","format-standard","has-post-thumbnail","hentry","category-cidades","category-destaque"],"_links":{"self":[{"href":"https:\/\/www.caririemacao.com\/1\/wp-json\/wp\/v2\/posts\/165588","targetHints":{"allow":["GET"]}}],"collection":[{"href":"https:\/\/www.caririemacao.com\/1\/wp-json\/wp\/v2\/posts"}],"about":[{"href":"https:\/\/www.caririemacao.com\/1\/wp-json\/wp\/v2\/types\/post"}],"author":[{"embeddable":true,"href":"https:\/\/www.caririemacao.com\/1\/wp-json\/wp\/v2\/users\/1"}],"replies":[{"embeddable":true,"href":"https:\/\/www.caririemacao.com\/1\/wp-json\/wp\/v2\/comments?post=165588"}],"version-history":[{"count":1,"href":"https:\/\/www.caririemacao.com\/1\/wp-json\/wp\/v2\/posts\/165588\/revisions"}],"predecessor-version":[{"id":165591,"href":"https:\/\/www.caririemacao.com\/1\/wp-json\/wp\/v2\/posts\/165588\/revisions\/165591"}],"wp:featuredmedia":[{"embeddable":true,"href":"https:\/\/www.caririemacao.com\/1\/wp-json\/wp\/v2\/media\/165590"}],"wp:attachment":[{"href":"https:\/\/www.caririemacao.com\/1\/wp-json\/wp\/v2\/media?parent=165588"}],"wp:term":[{"taxonomy":"category","embeddable":true,"href":"https:\/\/www.caririemacao.com\/1\/wp-json\/wp\/v2\/categories?post=165588"},{"taxonomy":"post_tag","embeddable":true,"href":"https:\/\/www.caririemacao.com\/1\/wp-json\/wp\/v2\/tags?post=165588"}],"curies":[{"name":"wp","href":"https:\/\/api.w.org\/{rel}","templated":true}]}}