{"id":165593,"date":"2020-04-23T10:13:01","date_gmt":"2020-04-23T13:13:01","guid":{"rendered":"http:\/\/www.caririemacao.com\/1\/?p=165593"},"modified":"2020-04-23T10:13:03","modified_gmt":"2020-04-23T13:13:03","slug":"prefeitura-municipal-de-sume-recupera-estradas-vicinais-em-areas-criticas-no-campo","status":"publish","type":"post","link":"https:\/\/www.caririemacao.com\/1\/2020\/04\/23\/prefeitura-municipal-de-sume-recupera-estradas-vicinais-em-areas-criticas-no-campo\/","title":{"rendered":"Prefeitura Municipal de Sum\u00e9 recupera estradas vicinais em \u00e1reas cr\u00edticas no campo"},"content":{"rendered":"\n<hr class=\"wp-block-separator\"\/>\n\n\n\n<div class=\"wp-block-image\"><figure class=\"alignleft\"><img decoding=\"async\" data-src=\"https:\/\/i0.wp.com\/www.vitrinedocariri.com.br\/wp-content\/uploads\/2020\/04\/WhatsApp-Image-2020-04-16-at-19.00.49.jpeg?resize=169%2C300&amp;ssl=1\" alt=\"\" class=\"wp-image-68953 lazyload\" src=\"data:image\/svg+xml;base64,PHN2ZyB3aWR0aD0iMSIgaGVpZ2h0PSIxIiB4bWxucz0iaHR0cDovL3d3dy53My5vcmcvMjAwMC9zdmciPjwvc3ZnPg==\" \/><\/figure><\/div>\n\n\n\n<p>O trabalho de recupera\u00e7\u00e3o dos pontos mais cr\u00edticos das estradas vicinais do munic\u00edpio de Sum\u00e9 est\u00e1 sendo executado pela Prefeitura, atrav\u00e9s da Secretaria de Obras e servi\u00e7os Urbanos. Mesmo com o per\u00edodo de isolamento social causado pela pandemia do Covid-19, a Prefeitura n\u00e3o est\u00e1 deixando de atender as necessidades das pessoas do campo.<\/p>\n\n\n\n<p>Com as chuvas ca\u00eddas no munic\u00edpio nos \u00faltimos meses, as estradas est\u00e3o danificadas precisando de um reparo especial. Assim, a Secretaria de Obras est\u00e1 primeiramente fazendo os servi\u00e7os de recupera\u00e7\u00e3o nas \u00e1reas mais danificadas pelas chuvas, come\u00e7ando pela regi\u00e3o de Pio X, e em seguida para as outras \u00e1reas necessitadas.<\/p>\n\n\n\n<p>Posteriormente, a Prefeitura ir\u00e1 executar o servi\u00e7o completo de recupera\u00e7\u00e3o de estradas em toda a zona rural do munic\u00edpio de Sum\u00e9, este que \u00e9 o terceiro do Estado em extens\u00e3o territorial.<\/p>\n\n\n\n<p>Vitrine do cariri<\/p>\n","protected":false},"excerpt":{"rendered":"<p>O trabalho de recupera\u00e7\u00e3o dos pontos mais cr\u00edticos das estradas vicinais do munic\u00edpio de Sum\u00e9 est\u00e1 sendo executado pela Prefeitura, atrav\u00e9s da Secretaria de Obras&hellip; <\/p>\n","protected":false},"author":2,"featured_media":164500,"comment_status":"closed","ping_status":"closed","sticky":false,"template":"","format":"standard","meta":{"sfsi_plus_gutenberg_text_before_share":"","sfsi_plus_gutenberg_show_text_before_share":"","sfsi_plus_gutenberg_icon_type":"","sfsi_plus_gutenberg_icon_alignemt":"","sfsi_plus_gutenburg_max_per_row":"","footnotes":""},"categories":[50,2],"tags":[],"class_list":["post-165593","post","type-post","status-publish","format-standard","has-post-thumbnail","hentry","category-destaque","category-geral"],"_links":{"self":[{"href":"https:\/\/www.caririemacao.com\/1\/wp-json\/wp\/v2\/posts\/165593","targetHints":{"allow":["GET"]}}],"collection":[{"href":"https:\/\/www.caririemacao.com\/1\/wp-json\/wp\/v2\/posts"}],"about":[{"href":"https:\/\/www.caririemacao.com\/1\/wp-json\/wp\/v2\/types\/post"}],"author":[{"embeddable":true,"href":"https:\/\/www.caririemacao.com\/1\/wp-json\/wp\/v2\/users\/2"}],"replies":[{"embeddable":true,"href":"https:\/\/www.caririemacao.com\/1\/wp-json\/wp\/v2\/comments?post=165593"}],"version-history":[{"count":1,"href":"https:\/\/www.caririemacao.com\/1\/wp-json\/wp\/v2\/posts\/165593\/revisions"}],"predecessor-version":[{"id":165595,"href":"https:\/\/www.caririemacao.com\/1\/wp-json\/wp\/v2\/posts\/165593\/revisions\/165595"}],"wp:featuredmedia":[{"embeddable":true,"href":"https:\/\/www.caririemacao.com\/1\/wp-json\/wp\/v2\/media\/164500"}],"wp:attachment":[{"href":"https:\/\/www.caririemacao.com\/1\/wp-json\/wp\/v2\/media?parent=165593"}],"wp:term":[{"taxonomy":"category","embeddable":true,"href":"https:\/\/www.caririemacao.com\/1\/wp-json\/wp\/v2\/categories?post=165593"},{"taxonomy":"post_tag","embeddable":true,"href":"https:\/\/www.caririemacao.com\/1\/wp-json\/wp\/v2\/tags?post=165593"}],"curies":[{"name":"wp","href":"https:\/\/api.w.org\/{rel}","templated":true}]}}