{"id":165594,"date":"2020-04-23T10:18:08","date_gmt":"2020-04-23T13:18:08","guid":{"rendered":"http:\/\/www.caririemacao.com\/1\/?p=165594"},"modified":"2020-04-23T10:18:10","modified_gmt":"2020-04-23T13:18:10","slug":"construcao-de-escola-com-04-salas-segue-em-andamento-em-sao-jose-dos-cordeiros","status":"publish","type":"post","link":"https:\/\/www.caririemacao.com\/1\/2020\/04\/23\/construcao-de-escola-com-04-salas-segue-em-andamento-em-sao-jose-dos-cordeiros\/","title":{"rendered":"Constru\u00e7\u00e3o de escola com 04 salas, segue em andamento, em S\u00e3o Jos\u00e9 dos Cordeiros"},"content":{"rendered":"\n<p>O prefeito de S\u00e3o Jos\u00e9 dos Cordeiros, Jefferson Roberto compartilhou em suas redes sociais, uma publica\u00e7\u00e3o em que mostra mais uma obra em andamento no munic\u00edpio. <\/p>\n\n\n\n<p>A obra diz respeito a constru\u00e7\u00e3o de uma escola com recursos do estado, que tem a parceria tamb\u00e9m com a Prefeitura Municipal de S\u00e3o Jos\u00e9 dos Cordeiros. Com investimento de de 700 mil reais, que servir\u00e1 para melhorar a estrutura educacional na do munic\u00edpio de S\u00e3o Jos\u00e9 dos Cordeiros. <\/p>\n","protected":false},"excerpt":{"rendered":"<p>O prefeito de S\u00e3o Jos\u00e9 dos Cordeiros, Jefferson Roberto compartilhou em suas redes sociais, uma publica\u00e7\u00e3o em que mostra mais uma obra em andamento no&hellip; <\/p>\n","protected":false},"author":1,"featured_media":165601,"comment_status":"closed","ping_status":"closed","sticky":false,"template":"","format":"standard","meta":{"sfsi_plus_gutenberg_text_before_share":"","sfsi_plus_gutenberg_show_text_before_share":"","sfsi_plus_gutenberg_icon_type":"","sfsi_plus_gutenberg_icon_alignemt":"","sfsi_plus_gutenburg_max_per_row":"","footnotes":""},"categories":[6,50],"tags":[],"class_list":["post-165594","post","type-post","status-publish","format-standard","has-post-thumbnail","hentry","category-cidades","category-destaque"],"_links":{"self":[{"href":"https:\/\/www.caririemacao.com\/1\/wp-json\/wp\/v2\/posts\/165594","targetHints":{"allow":["GET"]}}],"collection":[{"href":"https:\/\/www.caririemacao.com\/1\/wp-json\/wp\/v2\/posts"}],"about":[{"href":"https:\/\/www.caririemacao.com\/1\/wp-json\/wp\/v2\/types\/post"}],"author":[{"embeddable":true,"href":"https:\/\/www.caririemacao.com\/1\/wp-json\/wp\/v2\/users\/1"}],"replies":[{"embeddable":true,"href":"https:\/\/www.caririemacao.com\/1\/wp-json\/wp\/v2\/comments?post=165594"}],"version-history":[{"count":1,"href":"https:\/\/www.caririemacao.com\/1\/wp-json\/wp\/v2\/posts\/165594\/revisions"}],"predecessor-version":[{"id":165602,"href":"https:\/\/www.caririemacao.com\/1\/wp-json\/wp\/v2\/posts\/165594\/revisions\/165602"}],"wp:featuredmedia":[{"embeddable":true,"href":"https:\/\/www.caririemacao.com\/1\/wp-json\/wp\/v2\/media\/165601"}],"wp:attachment":[{"href":"https:\/\/www.caririemacao.com\/1\/wp-json\/wp\/v2\/media?parent=165594"}],"wp:term":[{"taxonomy":"category","embeddable":true,"href":"https:\/\/www.caririemacao.com\/1\/wp-json\/wp\/v2\/categories?post=165594"},{"taxonomy":"post_tag","embeddable":true,"href":"https:\/\/www.caririemacao.com\/1\/wp-json\/wp\/v2\/tags?post=165594"}],"curies":[{"name":"wp","href":"https:\/\/api.w.org\/{rel}","templated":true}]}}