{"id":165596,"date":"2020-04-23T10:15:22","date_gmt":"2020-04-23T13:15:22","guid":{"rendered":"http:\/\/www.caririemacao.com\/1\/?p=165596"},"modified":"2020-04-23T10:15:24","modified_gmt":"2020-04-23T13:15:24","slug":"prefeitura-de-sume-doa-impressoras-3d-para-o-cdsa-produzir-epi-para-os-profissionais-de-saude-2","status":"publish","type":"post","link":"https:\/\/www.caririemacao.com\/1\/2020\/04\/23\/prefeitura-de-sume-doa-impressoras-3d-para-o-cdsa-produzir-epi-para-os-profissionais-de-saude-2\/","title":{"rendered":"Prefeitura de Sum\u00e9 doa impressoras 3D para o CDSA produzir EPI para os profissionais de sa\u00fade"},"content":{"rendered":"\n<p>Ap\u00f3s a doa\u00e7\u00e3o de algumas m\u00e1scaras de prote\u00e7\u00e3o individual para o Hospital de Sum\u00e9 por parte do Centro de Desenvolvimento Sustent\u00e1vel do Semi\u00e1rido (CDSA\/UFCG), a Prefeitura e a institui\u00e7\u00e3o de ensino firmaram nova parceria para produzir equipamentos em quantidade maior e beneficiar mais pessoas.<\/p>\n\n\n\n<p>O prefeito \u00c9den Duarte visando o importante trabalho desenvolvido pelo CDSA em meio ao enfrentamento da Covid-19, assegurou a compra de duas impressoras 3D a ser doada \u00e0 Universidade para aumentar a produ\u00e7\u00e3o de viseiras de prote\u00e7\u00e3o para os profissionais da sa\u00fade do munic\u00edpio de Sum\u00e9.<\/p>\n\n\n\n<p>A produ\u00e7\u00e3o do equipamento est\u00e1 acontecendo atrav\u00e9s dos Laborat\u00f3rios de Engenharia do Trabalho (LET), de Gest\u00e3o de Opera\u00e7\u00f5es e Produtividade (LGOP) e do Laborat\u00f3rio de Automa\u00e7\u00e3o (LABAuto), todos no CDSA, coordenados pelos professores Daniel Moura e R\u00f4mulo Augusto.<\/p>\n\n\n\n<p>De acordo com o professor Daniel Moura, o Laborat\u00f3rio de Gest\u00e3o de Opera\u00e7\u00f5es e Produtividade, com uma impressora produziu aproximadamente 300 m\u00e1scaras que foram distribu\u00eddas para os munic\u00edpios de Sum\u00e9, Serra Branca e Monteiro.<\/p>\n\n\n\n<div class=\"wp-block-image\"><figure class=\"alignleft\"><img decoding=\"async\" data-src=\"https:\/\/i1.wp.com\/www.vitrinedocariri.com.br\/wp-content\/uploads\/2020\/04\/60313626-50ce-4f5c-90fc-2df8b6cab179.jpg?resize=300%2C225&amp;ssl=1\" alt=\"\" class=\"wp-image-68963 lazyload\" src=\"data:image\/svg+xml;base64,PHN2ZyB3aWR0aD0iMSIgaGVpZ2h0PSIxIiB4bWxucz0iaHR0cDovL3d3dy53My5vcmcvMjAwMC9zdmciPjwvc3ZnPg==\" \/><\/figure><\/div>\n\n\n\n<p>O professor Daniel informou ainda que com a chegada das novas impressoras, a expectativa \u00e9 que mais 100 m\u00e1scaras sejam produzidas para serem encaminhadas \u00e0 Prefeitura de Sum\u00e9. \u201cAs doa\u00e7\u00f5es dessas impressoras s\u00e3o de extrema import\u00e2ncia, vamos praticamente duplicar nossa capacidade de produ\u00e7\u00e3o\u201d, afirmou Daniel.<\/p>\n\n\n\n<p>O secret\u00e1rio de Administra\u00e7\u00e3o do munic\u00edpio, Bon\u00edlson Tim\u00f3teo fez a entrega das impressoras ao CDSA e disse que a doa\u00e7\u00e3o refor\u00e7a a parceria entre as duas institui\u00e7\u00f5es. \u201cEm breve estaremos recebendo mais m\u00e1scaras que ser\u00e3o destinadas \u00e0s unidades de sa\u00fade, hospital e aos demais profissionais da \u00e1rea\u201d, disse Bon\u00edlson.<\/p>\n","protected":false},"excerpt":{"rendered":"<p>Ap\u00f3s a doa\u00e7\u00e3o de algumas m\u00e1scaras de prote\u00e7\u00e3o individual para o Hospital de Sum\u00e9 por parte do Centro de Desenvolvimento Sustent\u00e1vel do Semi\u00e1rido (CDSA\/UFCG), a&hellip; <\/p>\n","protected":false},"author":2,"featured_media":165598,"comment_status":"closed","ping_status":"closed","sticky":false,"template":"","format":"standard","meta":{"sfsi_plus_gutenberg_text_before_share":"","sfsi_plus_gutenberg_show_text_before_share":"","sfsi_plus_gutenberg_icon_type":"","sfsi_plus_gutenberg_icon_alignemt":"","sfsi_plus_gutenburg_max_per_row":"","footnotes":""},"categories":[2],"tags":[],"class_list":["post-165596","post","type-post","status-publish","format-standard","has-post-thumbnail","hentry","category-geral"],"_links":{"self":[{"href":"https:\/\/www.caririemacao.com\/1\/wp-json\/wp\/v2\/posts\/165596","targetHints":{"allow":["GET"]}}],"collection":[{"href":"https:\/\/www.caririemacao.com\/1\/wp-json\/wp\/v2\/posts"}],"about":[{"href":"https:\/\/www.caririemacao.com\/1\/wp-json\/wp\/v2\/types\/post"}],"author":[{"embeddable":true,"href":"https:\/\/www.caririemacao.com\/1\/wp-json\/wp\/v2\/users\/2"}],"replies":[{"embeddable":true,"href":"https:\/\/www.caririemacao.com\/1\/wp-json\/wp\/v2\/comments?post=165596"}],"version-history":[{"count":1,"href":"https:\/\/www.caririemacao.com\/1\/wp-json\/wp\/v2\/posts\/165596\/revisions"}],"predecessor-version":[{"id":165599,"href":"https:\/\/www.caririemacao.com\/1\/wp-json\/wp\/v2\/posts\/165596\/revisions\/165599"}],"wp:featuredmedia":[{"embeddable":true,"href":"https:\/\/www.caririemacao.com\/1\/wp-json\/wp\/v2\/media\/165598"}],"wp:attachment":[{"href":"https:\/\/www.caririemacao.com\/1\/wp-json\/wp\/v2\/media?parent=165596"}],"wp:term":[{"taxonomy":"category","embeddable":true,"href":"https:\/\/www.caririemacao.com\/1\/wp-json\/wp\/v2\/categories?post=165596"},{"taxonomy":"post_tag","embeddable":true,"href":"https:\/\/www.caririemacao.com\/1\/wp-json\/wp\/v2\/tags?post=165596"}],"curies":[{"name":"wp","href":"https:\/\/api.w.org\/{rel}","templated":true}]}}