{"id":165606,"date":"2020-04-23T10:36:28","date_gmt":"2020-04-23T13:36:28","guid":{"rendered":"http:\/\/www.caririemacao.com\/1\/?p=165606"},"modified":"2020-04-23T10:36:28","modified_gmt":"2020-04-23T13:36:28","slug":"prefeitura-de-sao-jose-dos-cordeiros-adquire-carrocao-para-o-transporte-de-carne-na-cidade","status":"publish","type":"post","link":"https:\/\/www.caririemacao.com\/1\/2020\/04\/23\/prefeitura-de-sao-jose-dos-cordeiros-adquire-carrocao-para-o-transporte-de-carne-na-cidade\/","title":{"rendered":"Prefeitura de S\u00e3o Jos\u00e9 dos Cordeiros adquire carro\u00e7\u00e3o para o transporte de carne na cidade"},"content":{"rendered":"\n<p><br>O prefeito de S\u00e3o Jos\u00e9 dos Cordeiros, Jefferson Roberto compartilhou em suas redes sociais, uma publica\u00e7\u00e3o em que mostra um carro\u00e7\u00e3o adquirido pela prefeitura, com recursos da se\u00e7\u00e3o onerosa.  No qual servir\u00e1 para transporte de carne do matadouro p\u00fablico para o mercado e a\u00e7ougues da nossa cidade. <\/p>\n\n\n\n<p>&#8220;\u00c0 popula\u00e7\u00e3o tenha a certeza que estamos trabalhando todos os dias para o mais r\u00e1pido poss\u00edvel reabrir o mercado e entregar um empreendimento que atenda as exig\u00eancias legais e sanit\u00e1rias. Estamos fazendo mudan\u00e7as estruturais no matadouro para adequar com as exig\u00eancias sanit\u00e1rias. Nossa gest\u00e3o trabalha visando o presente e o futuro da nossa cidade e que Deus nos aben\u00e7oe sempre&#8221;, afirmou o prefeito Jefferson Roberto. <\/p>\n\n\n\n<figure class=\"wp-block-image size-large\"><img decoding=\"async\" src=\"blob:http:\/\/www.caririemacao.com\/1ac87b7a-a38e-4df7-b720-5a661abedcac\"\/><\/figure>\n","protected":false},"excerpt":{"rendered":"<p>O prefeito de S\u00e3o Jos\u00e9 dos Cordeiros, Jefferson Roberto compartilhou em suas redes sociais, uma publica\u00e7\u00e3o em que mostra um carro\u00e7\u00e3o adquirido pela prefeitura, com&hellip; <\/p>\n","protected":false},"author":1,"featured_media":165607,"comment_status":"closed","ping_status":"closed","sticky":false,"template":"","format":"standard","meta":{"sfsi_plus_gutenberg_text_before_share":"","sfsi_plus_gutenberg_show_text_before_share":"","sfsi_plus_gutenberg_icon_type":"","sfsi_plus_gutenberg_icon_alignemt":"","sfsi_plus_gutenburg_max_per_row":"","footnotes":""},"categories":[6,50],"tags":[],"class_list":["post-165606","post","type-post","status-publish","format-standard","has-post-thumbnail","hentry","category-cidades","category-destaque"],"_links":{"self":[{"href":"https:\/\/www.caririemacao.com\/1\/wp-json\/wp\/v2\/posts\/165606","targetHints":{"allow":["GET"]}}],"collection":[{"href":"https:\/\/www.caririemacao.com\/1\/wp-json\/wp\/v2\/posts"}],"about":[{"href":"https:\/\/www.caririemacao.com\/1\/wp-json\/wp\/v2\/types\/post"}],"author":[{"embeddable":true,"href":"https:\/\/www.caririemacao.com\/1\/wp-json\/wp\/v2\/users\/1"}],"replies":[{"embeddable":true,"href":"https:\/\/www.caririemacao.com\/1\/wp-json\/wp\/v2\/comments?post=165606"}],"version-history":[{"count":1,"href":"https:\/\/www.caririemacao.com\/1\/wp-json\/wp\/v2\/posts\/165606\/revisions"}],"predecessor-version":[{"id":165608,"href":"https:\/\/www.caririemacao.com\/1\/wp-json\/wp\/v2\/posts\/165606\/revisions\/165608"}],"wp:featuredmedia":[{"embeddable":true,"href":"https:\/\/www.caririemacao.com\/1\/wp-json\/wp\/v2\/media\/165607"}],"wp:attachment":[{"href":"https:\/\/www.caririemacao.com\/1\/wp-json\/wp\/v2\/media?parent=165606"}],"wp:term":[{"taxonomy":"category","embeddable":true,"href":"https:\/\/www.caririemacao.com\/1\/wp-json\/wp\/v2\/categories?post=165606"},{"taxonomy":"post_tag","embeddable":true,"href":"https:\/\/www.caririemacao.com\/1\/wp-json\/wp\/v2\/tags?post=165606"}],"curies":[{"name":"wp","href":"https:\/\/api.w.org\/{rel}","templated":true}]}}