{"id":165612,"date":"2020-04-23T10:49:31","date_gmt":"2020-04-23T13:49:31","guid":{"rendered":"http:\/\/www.caririemacao.com\/1\/?p=165612"},"modified":"2020-04-23T10:49:33","modified_gmt":"2020-04-23T13:49:33","slug":"covid-19-prefeitura-de-monteiro-firma-parceria-com-a-5a-gerencia-de-saude","status":"publish","type":"post","link":"https:\/\/www.caririemacao.com\/1\/2020\/04\/23\/covid-19-prefeitura-de-monteiro-firma-parceria-com-a-5a-gerencia-de-saude\/","title":{"rendered":"Covid-19: Prefeitura de Monteiro firma parceria com a 5\u00aa Ger\u00eancia de Sa\u00fade"},"content":{"rendered":"\n<p>A Prefeita de Monteiro, Anna Lorena, reuniu-se na manh\u00e3 desta quarta-feira(22), com a Gerente da 5\u00aa Ger\u00eancia Regional de Sa\u00fade-GRS, Ravena Farias, para definir a\u00e7\u00f5es conjuntas de combate \u00e0 Pandemia do Covid-19.<\/p>\n\n\n\n<p>Como resultado da reuni\u00e3o, ficar\u00e1 a cargo dos servidores e t\u00e9cnicos da 5\u00aa Ger\u00eancia, a barreira sanit\u00e1ria j\u00e1 instalada na BR-110, na sa\u00edda para a cidade de Sert\u00e2nia-PE, que serve de porta de entrada\/sa\u00edda para o vizinho estado de Pernambuco, onde o v\u00edrus j\u00e1 registra um grande n\u00famero de casos confirmados.<\/p>\n\n\n\n<p>Segundo Anna Lorena, \u201cA a\u00e7\u00e3o ser\u00e1 permanente enquanto durarem os efeitos do decreto estadual que declarou situa\u00e7\u00e3o de emerg\u00eancia na Para\u00edba por causa da pandemia da Covid-19, doen\u00e7a causada pelo novo coronav\u00edrus.\u201d Frisou.<\/p>\n\n\n\n<p>Ravena Farias disse que a barreira ser\u00e1 executada por t\u00e9cnicos da 5\u00aa Ger\u00eancia de Sa\u00fade, em parceria com agentes da Pol\u00edcia Militar, do Corpo de Bombeiros, da Pol\u00edcia Rodovi\u00e1ria Federal e tamb\u00e9m da Secretaria de Sa\u00fade do munic\u00edpio.\u201d<\/p>\n\n\n\n<p>\u201cNos pontos de acesso s\u00e3o feitas abordagens educativas para orientar os viajantes sobre o novo coronav\u00edrus e s\u00e3o colhidas informa\u00e7\u00f5es daqueles que ir\u00e3o ficar no munic\u00edpio. Essas pessoas, se n\u00e3o apresentarem sintomas de gripe ou resfriado, devem permanecer em casa, isolados por sete dias. No caso de manifesta\u00e7\u00e3o de sintomas, o isolamento precisa ser de, no m\u00ednimo, 14 dias.\u201d Concluiu Ravena.<\/p>\n\n\n\n<p>A a\u00e7\u00e3o se soma ao trabalho de aferi\u00e7\u00e3o da temperatura corporal dos condutores e passageiros dos ve\u00edculos automotores, que tem o objetivo de identificar se apresentam sintomas do coronav\u00edrus, como febre, tosse, dores no corpo, congestionamento nasal, inflama\u00e7\u00e3o da garganta ou diarreia.<\/p>\n\n\n\n<p>No caso de passageiros apresentarem alguma suspeita de infec\u00e7\u00e3o pelo coronav\u00edrus, os profissionais da Vigil\u00e2ncia Sanit\u00e1ria est\u00e3o orientados a oferecer imediatamente m\u00e1scara cir\u00fargica, a orient\u00e1-los para cumprir quarentena por 14 dias e a comunicar imediatamente o caso \u00e0 vigil\u00e2ncia epidemiol\u00f3gica do munic\u00edpio.<\/p>\n","protected":false},"excerpt":{"rendered":"<p>A Prefeita de Monteiro, Anna Lorena, reuniu-se na manh\u00e3 desta quarta-feira(22), com a Gerente da 5\u00aa Ger\u00eancia Regional de Sa\u00fade-GRS, Ravena Farias, para definir a\u00e7\u00f5es&hellip; <\/p>\n","protected":false},"author":1,"featured_media":165613,"comment_status":"closed","ping_status":"closed","sticky":false,"template":"","format":"standard","meta":{"sfsi_plus_gutenberg_text_before_share":"","sfsi_plus_gutenberg_show_text_before_share":"","sfsi_plus_gutenberg_icon_type":"","sfsi_plus_gutenberg_icon_alignemt":"","sfsi_plus_gutenburg_max_per_row":"","footnotes":""},"categories":[6,50],"tags":[],"class_list":["post-165612","post","type-post","status-publish","format-standard","has-post-thumbnail","hentry","category-cidades","category-destaque"],"_links":{"self":[{"href":"https:\/\/www.caririemacao.com\/1\/wp-json\/wp\/v2\/posts\/165612","targetHints":{"allow":["GET"]}}],"collection":[{"href":"https:\/\/www.caririemacao.com\/1\/wp-json\/wp\/v2\/posts"}],"about":[{"href":"https:\/\/www.caririemacao.com\/1\/wp-json\/wp\/v2\/types\/post"}],"author":[{"embeddable":true,"href":"https:\/\/www.caririemacao.com\/1\/wp-json\/wp\/v2\/users\/1"}],"replies":[{"embeddable":true,"href":"https:\/\/www.caririemacao.com\/1\/wp-json\/wp\/v2\/comments?post=165612"}],"version-history":[{"count":1,"href":"https:\/\/www.caririemacao.com\/1\/wp-json\/wp\/v2\/posts\/165612\/revisions"}],"predecessor-version":[{"id":165614,"href":"https:\/\/www.caririemacao.com\/1\/wp-json\/wp\/v2\/posts\/165612\/revisions\/165614"}],"wp:featuredmedia":[{"embeddable":true,"href":"https:\/\/www.caririemacao.com\/1\/wp-json\/wp\/v2\/media\/165613"}],"wp:attachment":[{"href":"https:\/\/www.caririemacao.com\/1\/wp-json\/wp\/v2\/media?parent=165612"}],"wp:term":[{"taxonomy":"category","embeddable":true,"href":"https:\/\/www.caririemacao.com\/1\/wp-json\/wp\/v2\/categories?post=165612"},{"taxonomy":"post_tag","embeddable":true,"href":"https:\/\/www.caririemacao.com\/1\/wp-json\/wp\/v2\/tags?post=165612"}],"curies":[{"name":"wp","href":"https:\/\/api.w.org\/{rel}","templated":true}]}}