{"id":165615,"date":"2020-04-23T10:52:46","date_gmt":"2020-04-23T13:52:46","guid":{"rendered":"http:\/\/www.caririemacao.com\/1\/?p=165615"},"modified":"2020-04-23T10:52:48","modified_gmt":"2020-04-23T13:52:48","slug":"prefeitura-de-monteiro-ja-entregou-12-mil-mascaras-a-populacao-em-combate-a-covid-19","status":"publish","type":"post","link":"https:\/\/www.caririemacao.com\/1\/2020\/04\/23\/prefeitura-de-monteiro-ja-entregou-12-mil-mascaras-a-populacao-em-combate-a-covid-19\/","title":{"rendered":"Prefeitura de Monteiro j\u00e1 entregou 12 mil m\u00e1scaras a popula\u00e7\u00e3o em combate a Covid-19"},"content":{"rendered":"\n<p>A prefeitura municipal de Monteiro executou mais uma importante a\u00e7\u00e3o de preven\u00e7\u00e3o ao v\u00edrus do COVID-19 . Trata-se da doa\u00e7\u00e3o de mais de 12 mil m\u00e1scaras de prote\u00e7\u00e3o.<\/p>\n\n\n\n<p><br>A distribui\u00e7\u00e3o come\u00e7ou pelos profissionais que atendem em todas as unidades b\u00e1sicas de sa\u00fade, UPA 24 horas, SAMU, e reparti\u00e7\u00f5es p\u00fablicas.<br>Vale salientar que deste montante de 12 mil m\u00e1scaras, 07 mil foram doadas pelo casal de empres\u00e1rios, Suerda Alves e Hugo Roderick da HS Lingerie e as outras 05 mil m\u00e1scaras foram adquiridas com recursos pr\u00f3prios.<\/p>\n\n\n\n<p><br><strong>MAIS 05 MIL M\u00c1SCARAS PARA A POPULA\u00c7\u00c3O<\/strong><br>A gest\u00e3o municipal tamb\u00e9m confirmou que nos pr\u00f3ximos dias estar\u00e3o chegando mais 05 mil m\u00e1scaras que j\u00e1 foram adquiridas, tamb\u00e9m com recursos pr\u00f3prios e que ser\u00e3o imediatamente repassadas \u00e0 popula\u00e7\u00e3o, o que demonstra o compromisso de assegurar mais precau\u00e7\u00f5es na sa\u00fade dos monteirenses.<\/p>\n","protected":false},"excerpt":{"rendered":"<p>A prefeitura municipal de Monteiro executou mais uma importante a\u00e7\u00e3o de preven\u00e7\u00e3o ao v\u00edrus do COVID-19 . Trata-se da doa\u00e7\u00e3o de mais de 12 mil&hellip; <\/p>\n","protected":false},"author":1,"featured_media":165616,"comment_status":"closed","ping_status":"closed","sticky":false,"template":"","format":"standard","meta":{"sfsi_plus_gutenberg_text_before_share":"","sfsi_plus_gutenberg_show_text_before_share":"","sfsi_plus_gutenberg_icon_type":"","sfsi_plus_gutenberg_icon_alignemt":"","sfsi_plus_gutenburg_max_per_row":"","footnotes":""},"categories":[6,50],"tags":[],"class_list":["post-165615","post","type-post","status-publish","format-standard","has-post-thumbnail","hentry","category-cidades","category-destaque"],"_links":{"self":[{"href":"https:\/\/www.caririemacao.com\/1\/wp-json\/wp\/v2\/posts\/165615","targetHints":{"allow":["GET"]}}],"collection":[{"href":"https:\/\/www.caririemacao.com\/1\/wp-json\/wp\/v2\/posts"}],"about":[{"href":"https:\/\/www.caririemacao.com\/1\/wp-json\/wp\/v2\/types\/post"}],"author":[{"embeddable":true,"href":"https:\/\/www.caririemacao.com\/1\/wp-json\/wp\/v2\/users\/1"}],"replies":[{"embeddable":true,"href":"https:\/\/www.caririemacao.com\/1\/wp-json\/wp\/v2\/comments?post=165615"}],"version-history":[{"count":1,"href":"https:\/\/www.caririemacao.com\/1\/wp-json\/wp\/v2\/posts\/165615\/revisions"}],"predecessor-version":[{"id":165617,"href":"https:\/\/www.caririemacao.com\/1\/wp-json\/wp\/v2\/posts\/165615\/revisions\/165617"}],"wp:featuredmedia":[{"embeddable":true,"href":"https:\/\/www.caririemacao.com\/1\/wp-json\/wp\/v2\/media\/165616"}],"wp:attachment":[{"href":"https:\/\/www.caririemacao.com\/1\/wp-json\/wp\/v2\/media?parent=165615"}],"wp:term":[{"taxonomy":"category","embeddable":true,"href":"https:\/\/www.caririemacao.com\/1\/wp-json\/wp\/v2\/categories?post=165615"},{"taxonomy":"post_tag","embeddable":true,"href":"https:\/\/www.caririemacao.com\/1\/wp-json\/wp\/v2\/tags?post=165615"}],"curies":[{"name":"wp","href":"https:\/\/api.w.org\/{rel}","templated":true}]}}