{"id":165618,"date":"2020-04-23T11:10:44","date_gmt":"2020-04-23T14:10:44","guid":{"rendered":"http:\/\/www.caririemacao.com\/1\/?p=165618"},"modified":"2020-04-23T11:58:44","modified_gmt":"2020-04-23T14:58:44","slug":"naldinho-do-rd-parabeniza-prefeita-pela-instalacao-de-lavatorios-na-cidade-de-ouro-velho","status":"publish","type":"post","link":"https:\/\/www.caririemacao.com\/1\/2020\/04\/23\/naldinho-do-rd-parabeniza-prefeita-pela-instalacao-de-lavatorios-na-cidade-de-ouro-velho\/","title":{"rendered":"Naldinho do R&#038;D parabeniza prefeita pela instala\u00e7\u00e3o de lavat\u00f3rios na cidade de Ouro Velho"},"content":{"rendered":"\n<p>O empres\u00e1rio Naldinho do R&amp;D Supermercado,  usou a rede social para parabenizar a iniciativa da Prefeitura de Ouro Velho que instalou lavat\u00f3rios populares em pontos estrat\u00e9gicos do munic\u00edpio, para que a popula\u00e7\u00e3o possa fazer a higieniza\u00e7\u00e3o das suas m\u00e3os e evitar contagio do COVID 19.<\/p>\n\n\n\n<figure class=\"wp-block-image size-large\"><img fetchpriority=\"high\" decoding=\"async\" width=\"1024\" height=\"576\" src=\"http:\/\/www.caririemacao.com\/1\/wp-content\/uploads\/2020\/04\/WhatsApp-Image-2020-04-22-at-18.25.24-1-1024x576.jpeg\" alt=\"\" class=\"wp-image-165649\" srcset=\"https:\/\/www.caririemacao.com\/1\/wp-content\/uploads\/2020\/04\/WhatsApp-Image-2020-04-22-at-18.25.24-1-1024x576.jpeg 1024w, https:\/\/www.caririemacao.com\/1\/wp-content\/uploads\/2020\/04\/WhatsApp-Image-2020-04-22-at-18.25.24-1-300x169.jpeg 300w, https:\/\/www.caririemacao.com\/1\/wp-content\/uploads\/2020\/04\/WhatsApp-Image-2020-04-22-at-18.25.24-1-768x432.jpeg 768w, https:\/\/www.caririemacao.com\/1\/wp-content\/uploads\/2020\/04\/WhatsApp-Image-2020-04-22-at-18.25.24-1.jpeg 1280w\" sizes=\"(max-width: 1024px) 100vw, 1024px\" \/><\/figure>\n\n\n\n<p>Um dos locais que receberam os lavat\u00f3rios foi um em frente ao seu estabelecimento comercial onde existe um fluxo maior de pessoas que circulam no bairro.<\/p>\n\n\n\n<p>O empres\u00e1rio Naldinho acompanhou a instala\u00e7\u00e3o do lavat\u00f3rio e destacou que esta a\u00e7\u00e3o foi pensada para o bem coletivo do povo ourovelhense. \u201cO que a Prefeitura est\u00e1 fazendo tem o objetivo de preservar a sa\u00fade dos cidad\u00e3os e estamos bastante felizes que isso venha acontecendo em nossa cidade. Assim, a prefeitura vem garantir o acesso \u00e0 higieniza\u00e7\u00e3o para a nossa popula\u00e7\u00e3o, refor\u00e7ando as a\u00e7\u00f5es de combate ao novo coronav\u00edrus\u201d, afirmou.<\/p>\n","protected":false},"excerpt":{"rendered":"<p>O empres\u00e1rio Naldinho do R&amp;D Supermercado, usou a rede social para parabenizar a iniciativa da Prefeitura de Ouro Velho que instalou lavat\u00f3rios populares em pontos&hellip; <\/p>\n","protected":false},"author":1,"featured_media":165648,"comment_status":"closed","ping_status":"closed","sticky":false,"template":"","format":"standard","meta":{"sfsi_plus_gutenberg_text_before_share":"","sfsi_plus_gutenberg_show_text_before_share":"","sfsi_plus_gutenberg_icon_type":"","sfsi_plus_gutenberg_icon_alignemt":"","sfsi_plus_gutenburg_max_per_row":"","footnotes":""},"categories":[50,2],"tags":[],"class_list":["post-165618","post","type-post","status-publish","format-standard","has-post-thumbnail","hentry","category-destaque","category-geral"],"_links":{"self":[{"href":"https:\/\/www.caririemacao.com\/1\/wp-json\/wp\/v2\/posts\/165618","targetHints":{"allow":["GET"]}}],"collection":[{"href":"https:\/\/www.caririemacao.com\/1\/wp-json\/wp\/v2\/posts"}],"about":[{"href":"https:\/\/www.caririemacao.com\/1\/wp-json\/wp\/v2\/types\/post"}],"author":[{"embeddable":true,"href":"https:\/\/www.caririemacao.com\/1\/wp-json\/wp\/v2\/users\/1"}],"replies":[{"embeddable":true,"href":"https:\/\/www.caririemacao.com\/1\/wp-json\/wp\/v2\/comments?post=165618"}],"version-history":[{"count":2,"href":"https:\/\/www.caririemacao.com\/1\/wp-json\/wp\/v2\/posts\/165618\/revisions"}],"predecessor-version":[{"id":165660,"href":"https:\/\/www.caririemacao.com\/1\/wp-json\/wp\/v2\/posts\/165618\/revisions\/165660"}],"wp:featuredmedia":[{"embeddable":true,"href":"https:\/\/www.caririemacao.com\/1\/wp-json\/wp\/v2\/media\/165648"}],"wp:attachment":[{"href":"https:\/\/www.caririemacao.com\/1\/wp-json\/wp\/v2\/media?parent=165618"}],"wp:term":[{"taxonomy":"category","embeddable":true,"href":"https:\/\/www.caririemacao.com\/1\/wp-json\/wp\/v2\/categories?post=165618"},{"taxonomy":"post_tag","embeddable":true,"href":"https:\/\/www.caririemacao.com\/1\/wp-json\/wp\/v2\/tags?post=165618"}],"curies":[{"name":"wp","href":"https:\/\/api.w.org\/{rel}","templated":true}]}}