{"id":165620,"date":"2020-04-23T10:56:06","date_gmt":"2020-04-23T13:56:06","guid":{"rendered":"http:\/\/www.caririemacao.com\/1\/?p=165620"},"modified":"2020-04-23T10:56:08","modified_gmt":"2020-04-23T13:56:08","slug":"inep-formaliza-adiamento-do-enem-digital-para-22-e-29-de-novembro","status":"publish","type":"post","link":"https:\/\/www.caririemacao.com\/1\/2020\/04\/23\/inep-formaliza-adiamento-do-enem-digital-para-22-e-29-de-novembro\/","title":{"rendered":"Inep formaliza adiamento do Enem digital para 22 e 29 de novembro"},"content":{"rendered":"\n<p>O Instituto Nacional de Estudos e Pesquisas Educacionais An\u00edsio Teixeira (Inep) alterou as datas de aplica\u00e7\u00e3o do Exame Nacional do Ensino M\u00e9dio (Enem ) digital para os dias 22 e 29 de novembro e as regras de solicita\u00e7\u00e3o de isen\u00e7\u00e3o da inscri\u00e7\u00e3o. Os editais com os ajustes foram publicados&nbsp;hoje&nbsp;(22) no&nbsp;<em>Di\u00e1rio Oficial da Uni\u00e3o&nbsp;<\/em>e tamb\u00e9m est\u00e3o dispon\u00edveis na p\u00e1gina do&nbsp;<a href=\"https:\/\/enem.inep.gov.br\/\" target=\"_blank\" rel=\"noreferrer noopener\">Enem<\/a><strong>.<\/strong><\/p>\n\n\n\n<p>No&nbsp;<a href=\"https:\/\/agenciabrasil.ebc.com.br\/educacao\/noticia\/2020-03\/inep-publica-editais-do-enem-2020\" target=\"_blank\" rel=\"noreferrer noopener\">primeiro edital<\/a>, publicado no m\u00eas passado, os participantes que optassem pela vers\u00e3o digital do exame fariam as provas nos dias 11 e&nbsp;18 de outubro. O Inep tamb\u00e9m definiu&nbsp;<a href=\"http:\/\/download.inep.gov.br\/educacao_basica\/enem\/edital\/2020\/edital-enem-digital-retifica-ANEXOCidades.pdf\" target=\"_blank\" rel=\"noreferrer noopener\">novas cidades<\/a>para aplica\u00e7\u00e3o do Enem digital, alcan\u00e7ando localidades em todos os estados e no Distrito Federal. A estrutura do exame ser\u00e1 igual \u00e0 da vers\u00e3o impressa.<\/p>\n\n\n\n<p>A aplica\u00e7\u00e3o do Enem impresso continua&nbsp;marcada&nbsp;para&nbsp;os&nbsp;<a href=\"https:\/\/agenciabrasil.ebc.com.br\/educacao\/noticia\/2020-04\/realizacao-do-enem-em-2020-esta-garantida-diz-ministro\" target=\"_blank\" rel=\"noreferrer noopener\">dias 1\u00ba e&nbsp;8 de novembro<\/a><strong>.<\/strong>&nbsp;As inscri\u00e7\u00f5es come\u00e7am em 11 de maio&nbsp;e v\u00e3o at\u00e9 dia 22.<\/p>\n\n\n\n<p>O valor da taxa de inscri\u00e7\u00e3o permaneceu o mesmo da edi\u00e7\u00e3o de 2019 &#8211;&nbsp;R$ 85 &#8211; e&nbsp;dever\u00e1 ser pago at\u00e9&nbsp;28 de maio. Na semana passada, o Inep anunciou a&nbsp;<a href=\"https:\/\/agenciabrasil.ebc.com.br\/educacao\/noticia\/2020-04\/inep-vai-garantir-isencao-do-enem-quem-perdeu-prazo\" target=\"_blank\" rel=\"noreferrer noopener\">gratuidade da taxa de inscri\u00e7\u00e3o<\/a>&nbsp;para todos os participantes que se enquadrarem nos perfis especificados nos editais, mesmo sem o pedido formal dos inscritos.<\/p>\n\n\n\n<p>A regra tamb\u00e9m foi formalizada&nbsp;hoje&nbsp;e vale tanto para os participantes que optarem pelo Enem impresso quanto para os que escolherem o Enem digital. Aqueles que foram isentos em 2019, que faltaram aos dois dias de prova, mas n\u00e3o justificaram a aus\u00eancia, tamb\u00e9m&nbsp;ter\u00e3o a gratuidade garantida.<\/p>\n\n\n\n<p>Portanto, no ato da inscri\u00e7\u00e3o para o Enem 2020,&nbsp;ter\u00e3o&nbsp;isen\u00e7\u00e3o de taxa os cardidatos&nbsp;que estejam cursando a \u00faltima s\u00e9rie do ensino m\u00e9dio este ano, em qualquer modalidade de ensino, em escola da rede p\u00fablica declarada ao Censo da Educa\u00e7\u00e3o B\u00e1sica; tenham feito&nbsp;todo o ensino m\u00e9dio em escolas da rede p\u00fablica ou como bolsistas integrais&nbsp;na rede privada e tenham renda<em>&nbsp;per capita&nbsp;<\/em>igual ou inferior a um sal\u00e1rio m\u00ednimo e meio; ou declarem estar em situa\u00e7\u00e3o de vulnerabilidade socioecon\u00f4mica, por serem membros de fam\u00edlia de baixa renda e que estejam&nbsp;inscritos no Cadastro \u00danico para Programas Sociais do Governo Federal (Cad\u00danico), que requer renda familiar per capita de at\u00e9 meio sal\u00e1rio m\u00ednimo ou renda familiar mensal de at\u00e9 tr\u00eas sal\u00e1rios m\u00ednimos.<\/p>\n","protected":false},"excerpt":{"rendered":"<p>O Instituto Nacional de Estudos e Pesquisas Educacionais An\u00edsio Teixeira (Inep) alterou as datas de aplica\u00e7\u00e3o do Exame Nacional do Ensino M\u00e9dio (Enem ) digital&hellip; <\/p>\n","protected":false},"author":2,"featured_media":161624,"comment_status":"closed","ping_status":"closed","sticky":false,"template":"","format":"standard","meta":{"sfsi_plus_gutenberg_text_before_share":"","sfsi_plus_gutenberg_show_text_before_share":"","sfsi_plus_gutenberg_icon_type":"","sfsi_plus_gutenberg_icon_alignemt":"","sfsi_plus_gutenburg_max_per_row":"","footnotes":""},"categories":[50,14],"tags":[],"class_list":["post-165620","post","type-post","status-publish","format-standard","has-post-thumbnail","hentry","category-destaque","category-educacao"],"_links":{"self":[{"href":"https:\/\/www.caririemacao.com\/1\/wp-json\/wp\/v2\/posts\/165620","targetHints":{"allow":["GET"]}}],"collection":[{"href":"https:\/\/www.caririemacao.com\/1\/wp-json\/wp\/v2\/posts"}],"about":[{"href":"https:\/\/www.caririemacao.com\/1\/wp-json\/wp\/v2\/types\/post"}],"author":[{"embeddable":true,"href":"https:\/\/www.caririemacao.com\/1\/wp-json\/wp\/v2\/users\/2"}],"replies":[{"embeddable":true,"href":"https:\/\/www.caririemacao.com\/1\/wp-json\/wp\/v2\/comments?post=165620"}],"version-history":[{"count":1,"href":"https:\/\/www.caririemacao.com\/1\/wp-json\/wp\/v2\/posts\/165620\/revisions"}],"predecessor-version":[{"id":165621,"href":"https:\/\/www.caririemacao.com\/1\/wp-json\/wp\/v2\/posts\/165620\/revisions\/165621"}],"wp:featuredmedia":[{"embeddable":true,"href":"https:\/\/www.caririemacao.com\/1\/wp-json\/wp\/v2\/media\/161624"}],"wp:attachment":[{"href":"https:\/\/www.caririemacao.com\/1\/wp-json\/wp\/v2\/media?parent=165620"}],"wp:term":[{"taxonomy":"category","embeddable":true,"href":"https:\/\/www.caririemacao.com\/1\/wp-json\/wp\/v2\/categories?post=165620"},{"taxonomy":"post_tag","embeddable":true,"href":"https:\/\/www.caririemacao.com\/1\/wp-json\/wp\/v2\/tags?post=165620"}],"curies":[{"name":"wp","href":"https:\/\/api.w.org\/{rel}","templated":true}]}}