{"id":165639,"date":"2020-04-23T11:07:11","date_gmt":"2020-04-23T14:07:11","guid":{"rendered":"http:\/\/www.caririemacao.com\/1\/?p=165639"},"modified":"2020-04-23T11:07:14","modified_gmt":"2020-04-23T14:07:14","slug":"desemprego-empresas-estimam-corte-de-3-milhoes-de-vagas-ate-o-fim-de-maio","status":"publish","type":"post","link":"https:\/\/www.caririemacao.com\/1\/2020\/04\/23\/desemprego-empresas-estimam-corte-de-3-milhoes-de-vagas-ate-o-fim-de-maio\/","title":{"rendered":"DESEMPREGO: Empresas estimam corte de 3 milh\u00f5es de vagas at\u00e9 o fim de maio"},"content":{"rendered":"\n<figure class=\"wp-block-image\"><a href=\"https:\/\/i0.wp.com\/www.polemicaparaiba.com.br\/wp-content\/uploads\/2020\/04\/Capturar-93.jpg?quality=95&amp;strip=all&amp;ssl=1\"><img decoding=\"async\" data-src=\"https:\/\/i0.wp.com\/www.polemicaparaiba.com.br\/wp-content\/uploads\/2020\/04\/Capturar-93.jpg?resize=761%2C364&amp;quality=95&amp;strip=all&amp;ssl=1\" alt=\"Capturar 93 - DESEMPREGO: Empresas estimam corte de 3 milh\u00f5es de vagas at\u00e9 o fim de maio\" class=\"wp-image-503355 lazyload\" src=\"data:image\/svg+xml;base64,PHN2ZyB3aWR0aD0iMSIgaGVpZ2h0PSIxIiB4bWxucz0iaHR0cDovL3d3dy53My5vcmcvMjAwMC9zdmciPjwvc3ZnPg==\" \/><\/a><\/figure>\n\n\n\n<p>O impacto da pandemia do novo&nbsp;coronav\u00edrus&nbsp;sobre a atividade produtiva j\u00e1 come\u00e7a a ser medido em diversas \u00e1reas, provocando desemprego, reduzindo faturamento e adiando ou cancelando investimentos, apontam levantamentos de entidades que representam setores da ind\u00fastria, do com\u00e9rcio e de servi\u00e7os. Entidades de empres\u00e1rios estimam que at\u00e9 3 milh\u00f5es de vagas podem ser fechadas at\u00e9 o fim de maio.<\/p>\n\n\n\n<p>Segundo&nbsp;dado p\u00fablico mais recente, o desemprego atingia 12,3 milh\u00f5es de brasileiros no trimestre encerrado em fevereiro, de acordo com os dados da Pesquisa Nacional por Amostra de Domic\u00edlios Cont\u00ednua (Pnad Cont\u00ednua) divulgados em 31 de mar\u00e7o pelo Instituto Brasileiro de Geografia e Estat\u00edstica (IBGE).<\/p>\n\n\n\n<h3 class=\"wp-block-heading\">N\u00fameros devem piorar com volta das f\u00e9rias coletivas<\/h3>\n\n\n\n<p>Segundo a Abimaq (Associa\u00e7\u00e3o Brasileira da Ind\u00fastria de M\u00e1quinas), o aspecto mais preocupante dessa crise \u00e9 justamente em rela\u00e7\u00e3o \u00e0 manuten\u00e7\u00e3o dos empregos. Pesquisa realizada pela entidade entre os dias 30 de mar\u00e7o e 3 de abril junto com associados revelou que 21,4% das empresas pesquisadas j\u00e1 demitiram cerca de 16,4% da m\u00e3o de obra, gerando uma redu\u00e7\u00e3o de 11 mil postos. Isso representa uma queda de 3% no n\u00edvel de emprego da ind\u00fastria de m\u00e1quinas e equipamentos, ainda em mar\u00e7o.<\/p>\n\n\n\n<p>Ainda de acordo com a pesquisa \u201cImpacto da pandemia da covid-19\u201d, praticamente todas as empresas da amostra informaram que pretendem demitir mais nos pr\u00f3ximos meses. \u201cNingu\u00e9m pode dizer exatamente o n\u00famero de demiss\u00f5es, mas estimamos que pode chegar a 15% do n\u00edvel de emprego da nossa ind\u00fastria, o que significaria 50 mil empregos diretos e mais 150 mil indiretos, o que pode chegar a 200 mil pessoas\u201d, afirmou o presidente executivo da Abimaq, Jos\u00e9 Veloso.<\/p>\n\n\n\n<p>Segundo Veloso, a partir de hoje (dia 22), voltam de f\u00e9rias os trabalhadores da grande maioria dos respondentes da pesquisa, (78,6%) que, inicialmente, optaram por conceder f\u00e9rias individuais (62,7%) ou usar banco de horas (46,2%).<\/p>\n\n\n\n<h3 class=\"wp-block-heading\">Micro e pequenas ind\u00fastrias j\u00e1 atingidas<\/h3>\n\n\n\n<p>O Simpi (Sindicato da Micro e Pequena Ind\u00fastria do Estado de S\u00e3o Paulo) revelou no levantamento Boletim de Tend\u00eancias das MPI\u2019s do Estado de S\u00e3o Paulo, realizado com 208 empresas, que 44% dos dirigentes de micros e pequenas ind\u00fastrias afirmam que a situa\u00e7\u00e3o dos neg\u00f3cios ir\u00e1 piorar nos pr\u00f3ximos dias, enquanto para 39% o quadro ficar\u00e1 est\u00e1vel. Apenas 14% est\u00e3o otimistas e esperam alguma melhora, enquanto 3% n\u00e3o opinaram sobre o tema.<\/p>\n\n\n\n<p>\u201cO impacto da crise do coronav\u00edrus nas micro e pequenas ind\u00fastrias de S\u00e3o Paulo j\u00e1 \u00e9 amplamente negativo para a maioria das empresas\u201d, afirmou o presidente da entidade, Joseph Couri.<\/p>\n\n\n\n<p>No levantamento do Simpi, 69% dos micros e pequenos empres\u00e1rios j\u00e1 est\u00e1 com a situa\u00e7\u00e3o financeira ruim ou p\u00e9ssima neste momento, e somente 9% est\u00e3o em terreno positivo. As demais (26%) est\u00e3o com a situa\u00e7\u00e3o financeira regular.<\/p>\n\n\n\n<h3 class=\"wp-block-heading\">Demiss\u00f5es no com\u00e9rcio e no setor de servi\u00e7os<\/h3>\n\n\n\n<p>A Abrasel (Associa\u00e7\u00e3o Brasileira de Bares e Restaurantes) afirmou que grande parte das empresas est\u00e1 sem caixa. Segundo o presidente da entidade, Paulo Solmucci, abril deve terminar com 1 milh\u00e3o de demiss\u00f5es nos bares e restaurantes ligados \u00e0 entidade, o que representa um ter\u00e7o dos empregados CLT do setor. Somando os informais, diz o executivo, s\u00e3o seis milh\u00f5es de trabalhadores no segmento.<\/p>\n\n\n\n<p>E outra estimativa, da CNC (Confedera\u00e7\u00e3o Nacional do Com\u00e9rcio), aponta que as demiss\u00f5es no setor podem alcan\u00e7ar a marca de 1,8 milh\u00e3o de vagas se a retra\u00e7\u00e3o verificada em mar\u00e7o na compara\u00e7\u00e3o anual, da ordem de 40%, continuar at\u00e9 o fim de maio.<\/p>\n","protected":false},"excerpt":{"rendered":"<p>O impacto da pandemia do novo&nbsp;coronav\u00edrus&nbsp;sobre a atividade produtiva j\u00e1 come\u00e7a a ser medido em diversas \u00e1reas, provocando desemprego, reduzindo faturamento e adiando ou cancelando&hellip; <\/p>\n","protected":false},"author":2,"featured_media":86279,"comment_status":"closed","ping_status":"closed","sticky":false,"template":"","format":"standard","meta":{"sfsi_plus_gutenberg_text_before_share":"","sfsi_plus_gutenberg_show_text_before_share":"","sfsi_plus_gutenberg_icon_type":"","sfsi_plus_gutenberg_icon_alignemt":"","sfsi_plus_gutenburg_max_per_row":"","footnotes":""},"categories":[2],"tags":[],"class_list":["post-165639","post","type-post","status-publish","format-standard","has-post-thumbnail","hentry","category-geral"],"_links":{"self":[{"href":"https:\/\/www.caririemacao.com\/1\/wp-json\/wp\/v2\/posts\/165639","targetHints":{"allow":["GET"]}}],"collection":[{"href":"https:\/\/www.caririemacao.com\/1\/wp-json\/wp\/v2\/posts"}],"about":[{"href":"https:\/\/www.caririemacao.com\/1\/wp-json\/wp\/v2\/types\/post"}],"author":[{"embeddable":true,"href":"https:\/\/www.caririemacao.com\/1\/wp-json\/wp\/v2\/users\/2"}],"replies":[{"embeddable":true,"href":"https:\/\/www.caririemacao.com\/1\/wp-json\/wp\/v2\/comments?post=165639"}],"version-history":[{"count":1,"href":"https:\/\/www.caririemacao.com\/1\/wp-json\/wp\/v2\/posts\/165639\/revisions"}],"predecessor-version":[{"id":165640,"href":"https:\/\/www.caririemacao.com\/1\/wp-json\/wp\/v2\/posts\/165639\/revisions\/165640"}],"wp:featuredmedia":[{"embeddable":true,"href":"https:\/\/www.caririemacao.com\/1\/wp-json\/wp\/v2\/media\/86279"}],"wp:attachment":[{"href":"https:\/\/www.caririemacao.com\/1\/wp-json\/wp\/v2\/media?parent=165639"}],"wp:term":[{"taxonomy":"category","embeddable":true,"href":"https:\/\/www.caririemacao.com\/1\/wp-json\/wp\/v2\/categories?post=165639"},{"taxonomy":"post_tag","embeddable":true,"href":"https:\/\/www.caririemacao.com\/1\/wp-json\/wp\/v2\/tags?post=165639"}],"curies":[{"name":"wp","href":"https:\/\/api.w.org\/{rel}","templated":true}]}}