{"id":165651,"date":"2020-04-23T11:11:42","date_gmt":"2020-04-23T14:11:42","guid":{"rendered":"http:\/\/www.caririemacao.com\/1\/?p=165651"},"modified":"2020-04-23T11:11:45","modified_gmt":"2020-04-23T14:11:45","slug":"homem-e-preso-suspeito-de-matar-jovem-e-enterrar-corpo-no-quintal-de-casa","status":"publish","type":"post","link":"https:\/\/www.caririemacao.com\/1\/2020\/04\/23\/homem-e-preso-suspeito-de-matar-jovem-e-enterrar-corpo-no-quintal-de-casa\/","title":{"rendered":"Homem \u00e9 preso suspeito de matar jovem e enterrar corpo no quintal de casa"},"content":{"rendered":"\n<div class=\"wp-block-image\"><figure class=\"aligncenter\"><a href=\"http:\/\/noticiasemdestaque.com\/cd\/wp-content\/uploads\/2020\/04\/5-5-1.jpg\"><img decoding=\"async\" data-src=\"http:\/\/noticiasemdestaque.com\/cd\/wp-content\/uploads\/2020\/04\/5-5-1.jpg\" alt=\"\" class=\"wp-image-24443 lazyload\" src=\"data:image\/svg+xml;base64,PHN2ZyB3aWR0aD0iMSIgaGVpZ2h0PSIxIiB4bWxucz0iaHR0cDovL3d3dy53My5vcmcvMjAwMC9zdmciPjwvc3ZnPg==\" \/><\/a><\/figure><\/div>\n\n\n\n<p>Um homem de 26 anos foi preso em flagrante nesta quarta-feira (22) suspeito de matar um jovem de 23 anos e enterrar o corpo dele no quintal da casa onde morava, no munic\u00edpio de Cuit\u00e9 de Mamanguape, na regi\u00e3o da Mata paraibana. Segundo informa\u00e7\u00f5es da Pol\u00edcia Militar, a v\u00edtima foi morta com golpes de fac\u00e3o.<\/p>\n\n\n\n<p>Conforme a PM, o crime aconteceu na madrugada do \u00faltimo domingo (19). Uma testemunha que fez uma liga\u00e7\u00e3o an\u00f4nima informou que o homic\u00eddio teria sido motivado por uma d\u00edvida de R$ 5, referente ao tr\u00e1fico de drogas.<\/p>\n\n\n\n<p>O suspeito, que tem passagem pela pol\u00edcia por porte ilegal de arma, confessou o crime para policiais e disse que matou a v\u00edtima porque foi amea\u00e7ado por ela mais de uma vez.<\/p>\n\n\n\n<p>O homem foi encaminhado para a delegacia de Pol\u00edcia Civil de Mamanguape. Outro homem foi conduzido ao local, mas esclareceu que n\u00e3o tem envolvimento com o caso. O corpo do jovem foi levado para o Instituto de Pol\u00edcia Cient\u00edfica (IPC) de Jo\u00e3o Pessoa.<\/p>\n\n\n\n<p>G1 PB<\/p>\n","protected":false},"excerpt":{"rendered":"<p>Um homem de 26 anos foi preso em flagrante nesta quarta-feira (22) suspeito de matar um jovem de 23 anos e enterrar o corpo dele&hellip; <\/p>\n","protected":false},"author":2,"featured_media":165653,"comment_status":"closed","ping_status":"closed","sticky":false,"template":"","format":"standard","meta":{"sfsi_plus_gutenberg_text_before_share":"","sfsi_plus_gutenberg_show_text_before_share":"","sfsi_plus_gutenberg_icon_type":"","sfsi_plus_gutenberg_icon_alignemt":"","sfsi_plus_gutenburg_max_per_row":"","footnotes":""},"categories":[12],"tags":[],"class_list":["post-165651","post","type-post","status-publish","format-standard","has-post-thumbnail","hentry","category-policia"],"_links":{"self":[{"href":"https:\/\/www.caririemacao.com\/1\/wp-json\/wp\/v2\/posts\/165651","targetHints":{"allow":["GET"]}}],"collection":[{"href":"https:\/\/www.caririemacao.com\/1\/wp-json\/wp\/v2\/posts"}],"about":[{"href":"https:\/\/www.caririemacao.com\/1\/wp-json\/wp\/v2\/types\/post"}],"author":[{"embeddable":true,"href":"https:\/\/www.caririemacao.com\/1\/wp-json\/wp\/v2\/users\/2"}],"replies":[{"embeddable":true,"href":"https:\/\/www.caririemacao.com\/1\/wp-json\/wp\/v2\/comments?post=165651"}],"version-history":[{"count":1,"href":"https:\/\/www.caririemacao.com\/1\/wp-json\/wp\/v2\/posts\/165651\/revisions"}],"predecessor-version":[{"id":165654,"href":"https:\/\/www.caririemacao.com\/1\/wp-json\/wp\/v2\/posts\/165651\/revisions\/165654"}],"wp:featuredmedia":[{"embeddable":true,"href":"https:\/\/www.caririemacao.com\/1\/wp-json\/wp\/v2\/media\/165653"}],"wp:attachment":[{"href":"https:\/\/www.caririemacao.com\/1\/wp-json\/wp\/v2\/media?parent=165651"}],"wp:term":[{"taxonomy":"category","embeddable":true,"href":"https:\/\/www.caririemacao.com\/1\/wp-json\/wp\/v2\/categories?post=165651"},{"taxonomy":"post_tag","embeddable":true,"href":"https:\/\/www.caririemacao.com\/1\/wp-json\/wp\/v2\/tags?post=165651"}],"curies":[{"name":"wp","href":"https:\/\/api.w.org\/{rel}","templated":true}]}}