{"id":165663,"date":"2020-04-23T12:13:46","date_gmt":"2020-04-23T15:13:46","guid":{"rendered":"http:\/\/www.caririemacao.com\/1\/?p=165663"},"modified":"2020-04-23T12:13:47","modified_gmt":"2020-04-23T15:13:47","slug":"camara-de-congo-prorroga-suspensao-das-atividades-presenciais-ate-o-dia-20-maio","status":"publish","type":"post","link":"https:\/\/www.caririemacao.com\/1\/2020\/04\/23\/camara-de-congo-prorroga-suspensao-das-atividades-presenciais-ate-o-dia-20-maio\/","title":{"rendered":"C\u00e2mara de Congo prorroga suspens\u00e3o das atividades presenciais at\u00e9 o dia 20 maio"},"content":{"rendered":"\n<p>A C\u00e2mara Municipal de Congo prorrogou a suspens\u00e3o das\natividades presenciais no legislativo at\u00e9 o dia 20 de maio de 2020. <\/p>\n\n\n\n<p>O Decreto Legislativo entrou em vigor nesta segunda-feira (20),\nap\u00f3s ser assinado pelo presidente Lenilson Bezerra da Silva.<\/p>\n\n\n\n<p>A medida foi tomada no \u00faltimo 20 de mar\u00e7o, inicialmente para\nterminar no dia 20 desde m\u00eas, no entanto, diante do avan\u00e7o da pandemia da\nCovid-19, doen\u00e7a causada pelo coronav\u00edrus, inclusive no munic\u00edpio, a mesa\ndiretora resolveu prorrogar o prazo.<\/p>\n\n\n\n<p>O novo decreto visa conter a dissemina\u00e7\u00e3o do v\u00edrus e\ngarantir a seguran\u00e7a das pessoas que trabalham e transitam na sede da C\u00e2mara\nMunicipal de Congo.<\/p>\n","protected":false},"excerpt":{"rendered":"<p>A C\u00e2mara Municipal de Congo prorrogou a suspens\u00e3o das atividades presenciais no legislativo at\u00e9 o dia 20 de maio de 2020. O Decreto Legislativo entrou&hellip; <\/p>\n","protected":false},"author":1,"featured_media":100134,"comment_status":"closed","ping_status":"closed","sticky":false,"template":"","format":"standard","meta":{"sfsi_plus_gutenberg_text_before_share":"","sfsi_plus_gutenberg_show_text_before_share":"","sfsi_plus_gutenberg_icon_type":"","sfsi_plus_gutenberg_icon_alignemt":"","sfsi_plus_gutenburg_max_per_row":"","footnotes":""},"categories":[6,50],"tags":[],"class_list":["post-165663","post","type-post","status-publish","format-standard","has-post-thumbnail","hentry","category-cidades","category-destaque"],"_links":{"self":[{"href":"https:\/\/www.caririemacao.com\/1\/wp-json\/wp\/v2\/posts\/165663","targetHints":{"allow":["GET"]}}],"collection":[{"href":"https:\/\/www.caririemacao.com\/1\/wp-json\/wp\/v2\/posts"}],"about":[{"href":"https:\/\/www.caririemacao.com\/1\/wp-json\/wp\/v2\/types\/post"}],"author":[{"embeddable":true,"href":"https:\/\/www.caririemacao.com\/1\/wp-json\/wp\/v2\/users\/1"}],"replies":[{"embeddable":true,"href":"https:\/\/www.caririemacao.com\/1\/wp-json\/wp\/v2\/comments?post=165663"}],"version-history":[{"count":1,"href":"https:\/\/www.caririemacao.com\/1\/wp-json\/wp\/v2\/posts\/165663\/revisions"}],"predecessor-version":[{"id":165666,"href":"https:\/\/www.caririemacao.com\/1\/wp-json\/wp\/v2\/posts\/165663\/revisions\/165666"}],"wp:featuredmedia":[{"embeddable":true,"href":"https:\/\/www.caririemacao.com\/1\/wp-json\/wp\/v2\/media\/100134"}],"wp:attachment":[{"href":"https:\/\/www.caririemacao.com\/1\/wp-json\/wp\/v2\/media?parent=165663"}],"wp:term":[{"taxonomy":"category","embeddable":true,"href":"https:\/\/www.caririemacao.com\/1\/wp-json\/wp\/v2\/categories?post=165663"},{"taxonomy":"post_tag","embeddable":true,"href":"https:\/\/www.caririemacao.com\/1\/wp-json\/wp\/v2\/tags?post=165663"}],"curies":[{"name":"wp","href":"https:\/\/api.w.org\/{rel}","templated":true}]}}