{"id":165665,"date":"2020-04-23T12:13:56","date_gmt":"2020-04-23T15:13:56","guid":{"rendered":"http:\/\/www.caririemacao.com\/1\/?p=165665"},"modified":"2020-04-23T12:13:57","modified_gmt":"2020-04-23T15:13:57","slug":"sume-registra-um-caso-suspeito-do-coronavirus","status":"publish","type":"post","link":"https:\/\/www.caririemacao.com\/1\/2020\/04\/23\/sume-registra-um-caso-suspeito-do-coronavirus\/","title":{"rendered":"Sum\u00e9 registra um caso suspeito do coronav\u00edrus"},"content":{"rendered":"\n<div class=\"wp-block-image\"><figure class=\"aligncenter\"><a href=\"http:\/\/noticiasemdestaque.com\/cd\/wp-content\/uploads\/2020\/04\/94036314_1567483446747575_5771630408743518208_o.png\"><img decoding=\"async\" data-src=\"http:\/\/noticiasemdestaque.com\/cd\/wp-content\/uploads\/2020\/04\/94036314_1567483446747575_5771630408743518208_o.png\" alt=\"\" class=\"wp-image-24446 lazyload\" src=\"data:image\/svg+xml;base64,PHN2ZyB3aWR0aD0iMSIgaGVpZ2h0PSIxIiB4bWxucz0iaHR0cDovL3d3dy53My5vcmcvMjAwMC9zdmciPjwvc3ZnPg==\" \/><\/a><\/figure><\/div>\n\n\n\n<p>A Prefeitura de Sum\u00e9 divulgou um boletim \u00e0s 11h30 desta quinta-feira (23), com uma suspeita do coronav\u00edrus no munic\u00edpio.<\/p>\n\n\n\n<p>A&nbsp; pessoa foi submetida a exames para Covid-19 e foi orientada a ficar em isolamento domiciliar.<\/p>\n\n\n\n<p>Com Ascom\/PMS<\/p>\n","protected":false},"excerpt":{"rendered":"<p>A Prefeitura de Sum\u00e9 divulgou um boletim \u00e0s 11h30 desta quinta-feira (23), com uma suspeita do coronav\u00edrus no munic\u00edpio. A&nbsp; pessoa foi submetida a exames&hellip; <\/p>\n","protected":false},"author":2,"featured_media":165667,"comment_status":"closed","ping_status":"closed","sticky":false,"template":"","format":"standard","meta":{"sfsi_plus_gutenberg_text_before_share":"","sfsi_plus_gutenberg_show_text_before_share":"","sfsi_plus_gutenberg_icon_type":"","sfsi_plus_gutenberg_icon_alignemt":"","sfsi_plus_gutenburg_max_per_row":"","footnotes":""},"categories":[50,2],"tags":[],"class_list":["post-165665","post","type-post","status-publish","format-standard","has-post-thumbnail","hentry","category-destaque","category-geral"],"_links":{"self":[{"href":"https:\/\/www.caririemacao.com\/1\/wp-json\/wp\/v2\/posts\/165665","targetHints":{"allow":["GET"]}}],"collection":[{"href":"https:\/\/www.caririemacao.com\/1\/wp-json\/wp\/v2\/posts"}],"about":[{"href":"https:\/\/www.caririemacao.com\/1\/wp-json\/wp\/v2\/types\/post"}],"author":[{"embeddable":true,"href":"https:\/\/www.caririemacao.com\/1\/wp-json\/wp\/v2\/users\/2"}],"replies":[{"embeddable":true,"href":"https:\/\/www.caririemacao.com\/1\/wp-json\/wp\/v2\/comments?post=165665"}],"version-history":[{"count":1,"href":"https:\/\/www.caririemacao.com\/1\/wp-json\/wp\/v2\/posts\/165665\/revisions"}],"predecessor-version":[{"id":165668,"href":"https:\/\/www.caririemacao.com\/1\/wp-json\/wp\/v2\/posts\/165665\/revisions\/165668"}],"wp:featuredmedia":[{"embeddable":true,"href":"https:\/\/www.caririemacao.com\/1\/wp-json\/wp\/v2\/media\/165667"}],"wp:attachment":[{"href":"https:\/\/www.caririemacao.com\/1\/wp-json\/wp\/v2\/media?parent=165665"}],"wp:term":[{"taxonomy":"category","embeddable":true,"href":"https:\/\/www.caririemacao.com\/1\/wp-json\/wp\/v2\/categories?post=165665"},{"taxonomy":"post_tag","embeddable":true,"href":"https:\/\/www.caririemacao.com\/1\/wp-json\/wp\/v2\/tags?post=165665"}],"curies":[{"name":"wp","href":"https:\/\/api.w.org\/{rel}","templated":true}]}}