{"id":165673,"date":"2020-04-23T12:54:56","date_gmt":"2020-04-23T15:54:56","guid":{"rendered":"http:\/\/www.caririemacao.com\/1\/?p=165673"},"modified":"2020-04-23T12:54:58","modified_gmt":"2020-04-23T15:54:58","slug":"aposentados-do-inss-ja-podem-consultar-valor-da-primeira-parcela-do-13o-que-comeca-a-ser-paga-nesta-sexta","status":"publish","type":"post","link":"https:\/\/www.caririemacao.com\/1\/2020\/04\/23\/aposentados-do-inss-ja-podem-consultar-valor-da-primeira-parcela-do-13o-que-comeca-a-ser-paga-nesta-sexta\/","title":{"rendered":"Aposentados do INSS j\u00e1 podem consultar valor da primeira parcela do 13\u00ba que come\u00e7a a ser paga nesta sexta"},"content":{"rendered":"\n<figure class=\"wp-block-image\"><img decoding=\"async\" data-src=\"https:\/\/thumbor.clickpb.com.br\/pddbKCdKM9SlEDoL-YYipFzJ_rI=\/876x585\/top\/smart\/www.clickpb.com.br\/media\/filer_public\/dc\/ff\/dcff6d9a-2190-427d-953e-f6a8167f579c\/dinheiro.jpg\" alt=\"\" src=\"data:image\/svg+xml;base64,PHN2ZyB3aWR0aD0iMSIgaGVpZ2h0PSIxIiB4bWxucz0iaHR0cDovL3d3dy53My5vcmcvMjAwMC9zdmciPjwvc3ZnPg==\" class=\"lazyload\" \/><\/figure>\n\n\n\n<p>Os aposentados e pensionistas do INSS podem checar o valor da primeira parcela do 13\u00ba sal\u00e1rio no site Meu INSS, na aba &#8220;Extrato de Pagamento do Benef\u00edcio&#8221; ou pelo telefone 135. O pagamento come\u00e7a a ser feito nesta sexta-feira (24).<\/p>\n\n\n\n<p>A liga\u00e7\u00e3o pode ser feita de segunda a s\u00e1bado, das 7h \u00e0s 22h, \u00e9 gratuita para telefone fixos e tem custo de uma liga\u00e7\u00e3o local caso seja feita por celular.&nbsp;<\/p>\n\n\n\n<p>O pagamento do benef\u00edcio foi antecipado pelo governo federal devido \u00e0 pandemia da covid-19 e a expectativa do INSS \u00e9 que antecipa\u00e7\u00e3o injete R$ 47,2 bilh\u00f5es na economia brasileira.&nbsp;<\/p>\n\n\n\n<ul class=\"wp-block-list\"><li><a href=\"https:\/\/www.clickpb.com.br\/economia\/antecipacao-do-13-do-inss-comeca-ser-paga-na-sexta-feira-e-deve-injetar-r-472-bi-na-economia-282616.html\">Antecipa\u00e7\u00e3o do 13\u00ba do INSS come\u00e7a a ser paga na sexta-feira e deve injetar R$ 47,2 bi na economia<\/a><\/li><\/ul>\n\n\n\n<p>A primeira parcela ser\u00e1 paga dos dias 24 de abril e 8 de maio e a segunda, de 25 de maio a 5 de junho, sendo que o calend\u00e1rio varia de acordo com o n\u00famero final do benef\u00edcio.<br>A consulta para o valor da segunda parcela ser\u00e1 liberada em data mais pr\u00f3xima do pagamento.<\/p>\n\n\n\n<p>A primeira parcela corresponde a 50% do 13\u00ba sal\u00e1rio, sem a cobran\u00e7a de impostos, enquanto a segunda ser\u00e1 taxada. No ano passado, a primeira e a segunda parcela foram pagas, respectivamente, em setembro e novembro.<\/p>\n","protected":false},"excerpt":{"rendered":"<p>Os aposentados e pensionistas do INSS podem checar o valor da primeira parcela do 13\u00ba sal\u00e1rio no site Meu INSS, na aba &#8220;Extrato de Pagamento&hellip; <\/p>\n","protected":false},"author":2,"featured_media":165674,"comment_status":"closed","ping_status":"closed","sticky":false,"template":"","format":"standard","meta":{"sfsi_plus_gutenberg_text_before_share":"","sfsi_plus_gutenberg_show_text_before_share":"","sfsi_plus_gutenberg_icon_type":"","sfsi_plus_gutenberg_icon_alignemt":"","sfsi_plus_gutenburg_max_per_row":"","footnotes":""},"categories":[2],"tags":[],"class_list":["post-165673","post","type-post","status-publish","format-standard","has-post-thumbnail","hentry","category-geral"],"_links":{"self":[{"href":"https:\/\/www.caririemacao.com\/1\/wp-json\/wp\/v2\/posts\/165673","targetHints":{"allow":["GET"]}}],"collection":[{"href":"https:\/\/www.caririemacao.com\/1\/wp-json\/wp\/v2\/posts"}],"about":[{"href":"https:\/\/www.caririemacao.com\/1\/wp-json\/wp\/v2\/types\/post"}],"author":[{"embeddable":true,"href":"https:\/\/www.caririemacao.com\/1\/wp-json\/wp\/v2\/users\/2"}],"replies":[{"embeddable":true,"href":"https:\/\/www.caririemacao.com\/1\/wp-json\/wp\/v2\/comments?post=165673"}],"version-history":[{"count":1,"href":"https:\/\/www.caririemacao.com\/1\/wp-json\/wp\/v2\/posts\/165673\/revisions"}],"predecessor-version":[{"id":165675,"href":"https:\/\/www.caririemacao.com\/1\/wp-json\/wp\/v2\/posts\/165673\/revisions\/165675"}],"wp:featuredmedia":[{"embeddable":true,"href":"https:\/\/www.caririemacao.com\/1\/wp-json\/wp\/v2\/media\/165674"}],"wp:attachment":[{"href":"https:\/\/www.caririemacao.com\/1\/wp-json\/wp\/v2\/media?parent=165673"}],"wp:term":[{"taxonomy":"category","embeddable":true,"href":"https:\/\/www.caririemacao.com\/1\/wp-json\/wp\/v2\/categories?post=165673"},{"taxonomy":"post_tag","embeddable":true,"href":"https:\/\/www.caririemacao.com\/1\/wp-json\/wp\/v2\/tags?post=165673"}],"curies":[{"name":"wp","href":"https:\/\/api.w.org\/{rel}","templated":true}]}}