{"id":165676,"date":"2020-04-23T12:56:20","date_gmt":"2020-04-23T15:56:20","guid":{"rendered":"http:\/\/www.caririemacao.com\/1\/?p=165676"},"modified":"2020-04-23T12:56:22","modified_gmt":"2020-04-23T15:56:22","slug":"sikera-junior-passa-mal-ao-vivo-e-pede-oracoes-pecam-a-deus-quem-gosta-deste-velho-uma-oracao-pra-esse-velho","status":"publish","type":"post","link":"https:\/\/www.caririemacao.com\/1\/2020\/04\/23\/sikera-junior-passa-mal-ao-vivo-e-pede-oracoes-pecam-a-deus-quem-gosta-deste-velho-uma-oracao-pra-esse-velho\/","title":{"rendered":"Sik\u00eara J\u00fanior passa mal ao vivo e pede ora\u00e7\u00f5es: &#8216;Pe\u00e7am a Deus, quem gosta deste velho, uma ora\u00e7\u00e3o pra esse velho&#8217;"},"content":{"rendered":"\n<p>O apresentador&nbsp;Sik\u00eara Jr. passou mal, na noite desta quarta-feira (22), enquanto apresentava, ao vivo, o programa &#8220;Alerta Nacional&#8221;, na Rede TV!, segundo informou o colunista L\u00e9o Dias. O jornalista que estava visivelmente abatido durante a apresenta\u00e7\u00e3o pediu a editora-chefe para que fosse dispensado e pediu ora\u00e7\u00f5es aos telespectadores.<\/p>\n\n\n\n<p>&#8220;Elis, posso ir embora? Eu vou embora, vou pra casa, n\u00e3o vou nem conseguir fazer o regional hoje. Pe\u00e7am a Deus, quem gosta deste velho, uma ora\u00e7\u00e3o pra esse velho. Eu vou ficar muito feliz. Vou pra casa, ficar perto da minha mulher e do meu filho. Com f\u00e9 em Jesus amanh\u00e3 eu estou de volta&#8221;, disse ele.<br><\/p>\n\n\n\n<p>Na edi\u00e7\u00e3o regional, o Alerta Amazonas, ele foi substitu\u00eddo pela rep\u00f3rter&nbsp;Mayara Rocha, que j\u00e1 o substitu\u00eda aos s\u00e1bados. Mayara disse que Sik\u00eara teve&nbsp;uma indisposi\u00e7\u00e3o e pediu para ir embora mais cedo.<\/p>\n\n\n\n<p>De acordo com L\u00e9o Dias,\u00a0a assessoria de imprensa de Sik\u00eara Jr. informou que &#8220;ele est\u00e1 gripado, n\u00e3o conseguiu terminar o programa e pediu para ir para casa descansar&#8221;. Questionada sobre uma poss\u00edvel contamina\u00e7\u00e3o pelo Covid-19, a assessoria negou que ele tenha sintomas da doen\u00e7a.<\/p>\n","protected":false},"excerpt":{"rendered":"<p>O apresentador&nbsp;Sik\u00eara Jr. passou mal, na noite desta quarta-feira (22), enquanto apresentava, ao vivo, o programa &#8220;Alerta Nacional&#8221;, na Rede TV!, segundo informou o colunista&hellip; <\/p>\n","protected":false},"author":2,"featured_media":165677,"comment_status":"closed","ping_status":"closed","sticky":false,"template":"","format":"standard","meta":{"sfsi_plus_gutenberg_text_before_share":"","sfsi_plus_gutenberg_show_text_before_share":"","sfsi_plus_gutenberg_icon_type":"","sfsi_plus_gutenberg_icon_alignemt":"","sfsi_plus_gutenburg_max_per_row":"","footnotes":""},"categories":[2],"tags":[],"class_list":["post-165676","post","type-post","status-publish","format-standard","has-post-thumbnail","hentry","category-geral"],"_links":{"self":[{"href":"https:\/\/www.caririemacao.com\/1\/wp-json\/wp\/v2\/posts\/165676","targetHints":{"allow":["GET"]}}],"collection":[{"href":"https:\/\/www.caririemacao.com\/1\/wp-json\/wp\/v2\/posts"}],"about":[{"href":"https:\/\/www.caririemacao.com\/1\/wp-json\/wp\/v2\/types\/post"}],"author":[{"embeddable":true,"href":"https:\/\/www.caririemacao.com\/1\/wp-json\/wp\/v2\/users\/2"}],"replies":[{"embeddable":true,"href":"https:\/\/www.caririemacao.com\/1\/wp-json\/wp\/v2\/comments?post=165676"}],"version-history":[{"count":1,"href":"https:\/\/www.caririemacao.com\/1\/wp-json\/wp\/v2\/posts\/165676\/revisions"}],"predecessor-version":[{"id":165678,"href":"https:\/\/www.caririemacao.com\/1\/wp-json\/wp\/v2\/posts\/165676\/revisions\/165678"}],"wp:featuredmedia":[{"embeddable":true,"href":"https:\/\/www.caririemacao.com\/1\/wp-json\/wp\/v2\/media\/165677"}],"wp:attachment":[{"href":"https:\/\/www.caririemacao.com\/1\/wp-json\/wp\/v2\/media?parent=165676"}],"wp:term":[{"taxonomy":"category","embeddable":true,"href":"https:\/\/www.caririemacao.com\/1\/wp-json\/wp\/v2\/categories?post=165676"},{"taxonomy":"post_tag","embeddable":true,"href":"https:\/\/www.caririemacao.com\/1\/wp-json\/wp\/v2\/tags?post=165676"}],"curies":[{"name":"wp","href":"https:\/\/api.w.org\/{rel}","templated":true}]}}