{"id":165686,"date":"2020-04-23T13:03:06","date_gmt":"2020-04-23T16:03:06","guid":{"rendered":"http:\/\/www.caririemacao.com\/1\/?p=165686"},"modified":"2020-04-23T13:03:08","modified_gmt":"2020-04-23T16:03:08","slug":"bolsonaro-desautoriza-onyx-e-diz-que-nao-havia-liberado-antecipacao-de-auxilio-emergencial","status":"publish","type":"post","link":"https:\/\/www.caririemacao.com\/1\/2020\/04\/23\/bolsonaro-desautoriza-onyx-e-diz-que-nao-havia-liberado-antecipacao-de-auxilio-emergencial\/","title":{"rendered":"Bolsonaro desautoriza Onyx e diz que n\u00e3o havia liberado antecipa\u00e7\u00e3o de aux\u00edlio emergencial"},"content":{"rendered":"\n<p>O presidente Jair Bolsonaro afirmou, nesta quinta-feira, que o an\u00fancio da antecipa\u00e7\u00e3o da segunda parcela do aux\u00edlio emergencial \u2014 posteriormente revogada \u2014 foi feito sem a sua autoriza\u00e7\u00e3o.<\/p>\n\n\n\n<p>O an\u00fancio havia sido feito, na segunda-feira, em uma coletiva no Pal\u00e1cio do Planalto na qual participaram o presidente da Caixa, Pedro Guimar\u00e3es, e o ministro da Cidadania, Onyx Lorenzoni. Na quarta-feira, o Minist\u00e9rio da Cidadania informou que a antecipa\u00e7\u00e3o n\u00e3o vai acontecer devido \u00e0 falta de recursos.<\/p>\n\n\n\n<p>O coment\u00e1rio de Bolsonaro foi feito em uma publica\u00e7\u00e3o em sua p\u00e1gina no Facebook. Uma seguidora afirmou que o governo havia &#8220;cancelado&#8221; o aux\u00edlio e perguntava como o povo iria &#8220;sobreviver&#8221;. O presidente, ent\u00e3o, respondeu que &#8220;nada foi cancelado&#8221; e que &#8220;um ministro anunciou sem estar autorizado que iria antecipar a segunda parcela&#8221;.&nbsp;<\/p>\n\n\n\n<p>&#8220;Primeiro se deve pagar a todos a primeira parcela, depois o dinheiro depende de cr\u00e9dito suplementar j\u00e1 que ultrapassou em quase 10 milh\u00f5es o n\u00famero de requerentes. Tudo ser\u00e1 pago no planejado pela Caixa&#8221;, completou Bolsonaro na rede social.<\/p>\n\n\n\n<p>De acordo com a nota divulgada pelo Minist\u00e9rio da Cidadania na quarta-feira, as tr\u00eas parcelas do aux\u00edlio v\u00e3o exigir um desembolso de R$ 32,7 bilh\u00f5es cada uma e que j\u00e1 foram transferidos para a Caixa R$ 31,3 bilh\u00f5es.<\/p>\n\n\n\n<p>Um contingente de 12 milh\u00f5es de trabalhadores ainda n\u00e3o receberam a primeira parcela.<\/p>\n\n\n\n<p>O cronograma de pagamento da segunda parcela, previsto para come\u00e7ar nesta quinta-feira at\u00e9 quarta-feira que vem, dia 29, s\u00f3 ser\u00e1 anunciado em maio, segundo a nota. O Minist\u00e9rio menciona ainda que foi alertado pela Controladoria Geral da Uni\u00e3o (CGU) sobre a quest\u00e3o or\u00e7ament\u00e1ria.<\/p>\n","protected":false},"excerpt":{"rendered":"<p>O presidente Jair Bolsonaro afirmou, nesta quinta-feira, que o an\u00fancio da antecipa\u00e7\u00e3o da segunda parcela do aux\u00edlio emergencial \u2014 posteriormente revogada \u2014 foi feito sem&hellip; <\/p>\n","protected":false},"author":2,"featured_media":165687,"comment_status":"closed","ping_status":"closed","sticky":false,"template":"","format":"standard","meta":{"sfsi_plus_gutenberg_text_before_share":"","sfsi_plus_gutenberg_show_text_before_share":"","sfsi_plus_gutenberg_icon_type":"","sfsi_plus_gutenberg_icon_alignemt":"","sfsi_plus_gutenburg_max_per_row":"","footnotes":""},"categories":[2],"tags":[],"class_list":["post-165686","post","type-post","status-publish","format-standard","has-post-thumbnail","hentry","category-geral"],"_links":{"self":[{"href":"https:\/\/www.caririemacao.com\/1\/wp-json\/wp\/v2\/posts\/165686","targetHints":{"allow":["GET"]}}],"collection":[{"href":"https:\/\/www.caririemacao.com\/1\/wp-json\/wp\/v2\/posts"}],"about":[{"href":"https:\/\/www.caririemacao.com\/1\/wp-json\/wp\/v2\/types\/post"}],"author":[{"embeddable":true,"href":"https:\/\/www.caririemacao.com\/1\/wp-json\/wp\/v2\/users\/2"}],"replies":[{"embeddable":true,"href":"https:\/\/www.caririemacao.com\/1\/wp-json\/wp\/v2\/comments?post=165686"}],"version-history":[{"count":1,"href":"https:\/\/www.caririemacao.com\/1\/wp-json\/wp\/v2\/posts\/165686\/revisions"}],"predecessor-version":[{"id":165688,"href":"https:\/\/www.caririemacao.com\/1\/wp-json\/wp\/v2\/posts\/165686\/revisions\/165688"}],"wp:featuredmedia":[{"embeddable":true,"href":"https:\/\/www.caririemacao.com\/1\/wp-json\/wp\/v2\/media\/165687"}],"wp:attachment":[{"href":"https:\/\/www.caririemacao.com\/1\/wp-json\/wp\/v2\/media?parent=165686"}],"wp:term":[{"taxonomy":"category","embeddable":true,"href":"https:\/\/www.caririemacao.com\/1\/wp-json\/wp\/v2\/categories?post=165686"},{"taxonomy":"post_tag","embeddable":true,"href":"https:\/\/www.caririemacao.com\/1\/wp-json\/wp\/v2\/tags?post=165686"}],"curies":[{"name":"wp","href":"https:\/\/api.w.org\/{rel}","templated":true}]}}