{"id":165691,"date":"2020-04-23T13:06:06","date_gmt":"2020-04-23T16:06:06","guid":{"rendered":"http:\/\/www.caririemacao.com\/1\/?p=165691"},"modified":"2020-04-23T13:06:08","modified_gmt":"2020-04-23T16:06:08","slug":"pdt-entra-com-pedido-de-impeachment-contra-presidente-jair-bolsonaro","status":"publish","type":"post","link":"https:\/\/www.caririemacao.com\/1\/2020\/04\/23\/pdt-entra-com-pedido-de-impeachment-contra-presidente-jair-bolsonaro\/","title":{"rendered":"PDT entra com pedido de impeachment contra presidente Jair Bolsonaro"},"content":{"rendered":"\n<p>O PDT \u2013 partido do ex-ministro Ciro Gomes, que participou da \u00faltima disputa presidencial \u2013 entrou nesta quarta-feira (22), com o 18\u00ba pedido de impeachment contra o presidente Jair Bolsonaro (sem partido) por crimes de responsabilidade, insurg\u00eancia contra o direito \u00e0 sa\u00fade e crimes contra a seguran\u00e7a nacional. A medida havia sido anunciada mais cedo, nas redes sociais, pelo presidente da agremia\u00e7\u00e3o, Carlos Lupi.<\/p>\n\n\n\n<p>Por enquanto o presidente da C\u00e2mara, Rodrigo Maia (DEM), a quem cabe pautar ou barrar as demandas, s\u00f3 arquivou uma das representa\u00e7\u00f5es e ainda decide o que fazer com as outras 17.<\/p>\n\n\n\n<p>A pe\u00e7a do PDT alega que Bolsonaro comete crimes de responsabilidade diariamente e citou a defesa do mandat\u00e1rio \u00e0 ditadura militar e a participa\u00e7\u00e3o dele em manifesta\u00e7\u00f5es contr\u00e1rias ao Supremo Tribunal Federal e ao Congresso Nacional. \u201cO atentado contra o exerc\u00edcio dos direitos e garantias individuais ressumbre inilud\u00edvel pelas intensas odes \u00e0 ditadura e \u00e0 imposi\u00e7\u00e3o de atos institucionais autorit\u00e1rios, como o AI-5\u201d, diz o texto.<\/p>\n\n\n\n<p>O partido tamb\u00e9m argumenta que Bolsonaro se insurgiu contra o direito \u00e0 sa\u00fade ao descumprir determina\u00e7\u00f5es da Organiza\u00e7\u00e3o Mundial de Sa\u00fade (OSM) e do Minist\u00e9rio da Sa\u00fade, al\u00e9m de se voltar contra atos dos Estados e do Distrito Federal que visam combater a pandemia do novo coronav\u00edrus.<\/p>\n\n\n\n<p>A representa\u00e7\u00e3o do PDT enumera v\u00e1rias posi\u00e7\u00f5es adotadas por Bolsonaro que contrariam orienta\u00e7\u00f5es de especialistas e da OMS em rela\u00e7\u00e3o \u00e0 covid-19. Entre as a\u00e7\u00f5es citadas est\u00e1 a tentativa da campanha \u201cO Brasil n\u00e3o pode parar\u201d, que pregava a volta dos brasileiros ao trabalho e acabou cancelada diante de repercuss\u00e3o negativa.<\/p>\n\n\n\n<p>Tamb\u00e9m \u00e9 mencionada a participa\u00e7\u00e3o do presidente Bolsonaro em uma manifesta\u00e7\u00e3o de seus apoiadores, em meados de mar\u00e7o, ignorando a orienta\u00e7\u00e3o de ficar em isolamento enquanto refazia os testes para o coronav\u00edrus. Na ocasi\u00e3o, ele tinha rec\u00e9m chegado de uma viagem aos Estados Unidos e mais de vinte pessoas de sua comitiva contra\u00edram a doen\u00e7a.<\/p>\n\n\n\n<p>A a\u00e7\u00e3o do PDT tamb\u00e9m afirma que Bolsonaro cometeu crime contra a seguran\u00e7a nacional no \u00faltimo domingo, dia 19, ao tentar \u201cimpedir com emprego de viol\u00eancia ou grave amea\u00e7a, o livre exerc\u00edcio de qualquer dos Poderes da Uni\u00e3o ou dos Estados\u201d e ao \u201cfazer propaganda de processos violentos ou ilegais para altera\u00e7\u00e3o da ordem pol\u00edtica ou social\u201d. Na ocasi\u00e3o, ele participou de uma manifesta\u00e7\u00e3o que pedia interven\u00e7\u00e3o militar no Pa\u00eds, chegando a subir na ca\u00e7amba de uma caminhonete e discursar diante de apoiadores que exibiam faixas com inscri\u00e7\u00f5es favor\u00e1veis a um novo AI-5, o mais duro ato da ditadura (1964 a 1985).<\/p>\n\n\n\n<p>A a\u00e7\u00e3o do PDT vem um dia depois de a bancada do PT na C\u00e2mara e no Senado decidirem subir o tom contra Bolsonaro no enfrentamento ao governo, passando a defender a sa\u00edda do presidente ao inv\u00e9s de contrariar pol\u00edticas espec\u00edficas. Em reuni\u00e3o na ter\u00e7a-feira, o ex-presidente Luiz In\u00e1cio Lula da Silva afirmou que vai fazer um pronunciamento defendendo o \u201cFora Bolsonaro\u201d.<\/p>\n","protected":false},"excerpt":{"rendered":"<p>O PDT \u2013 partido do ex-ministro Ciro Gomes, que participou da \u00faltima disputa presidencial \u2013 entrou nesta quarta-feira (22), com o 18\u00ba pedido de impeachment&hellip; <\/p>\n","protected":false},"author":2,"featured_media":165692,"comment_status":"closed","ping_status":"closed","sticky":false,"template":"","format":"standard","meta":{"sfsi_plus_gutenberg_text_before_share":"","sfsi_plus_gutenberg_show_text_before_share":"","sfsi_plus_gutenberg_icon_type":"","sfsi_plus_gutenberg_icon_alignemt":"","sfsi_plus_gutenburg_max_per_row":"","footnotes":""},"categories":[11],"tags":[],"class_list":["post-165691","post","type-post","status-publish","format-standard","has-post-thumbnail","hentry","category-politica"],"_links":{"self":[{"href":"https:\/\/www.caririemacao.com\/1\/wp-json\/wp\/v2\/posts\/165691","targetHints":{"allow":["GET"]}}],"collection":[{"href":"https:\/\/www.caririemacao.com\/1\/wp-json\/wp\/v2\/posts"}],"about":[{"href":"https:\/\/www.caririemacao.com\/1\/wp-json\/wp\/v2\/types\/post"}],"author":[{"embeddable":true,"href":"https:\/\/www.caririemacao.com\/1\/wp-json\/wp\/v2\/users\/2"}],"replies":[{"embeddable":true,"href":"https:\/\/www.caririemacao.com\/1\/wp-json\/wp\/v2\/comments?post=165691"}],"version-history":[{"count":1,"href":"https:\/\/www.caririemacao.com\/1\/wp-json\/wp\/v2\/posts\/165691\/revisions"}],"predecessor-version":[{"id":165693,"href":"https:\/\/www.caririemacao.com\/1\/wp-json\/wp\/v2\/posts\/165691\/revisions\/165693"}],"wp:featuredmedia":[{"embeddable":true,"href":"https:\/\/www.caririemacao.com\/1\/wp-json\/wp\/v2\/media\/165692"}],"wp:attachment":[{"href":"https:\/\/www.caririemacao.com\/1\/wp-json\/wp\/v2\/media?parent=165691"}],"wp:term":[{"taxonomy":"category","embeddable":true,"href":"https:\/\/www.caririemacao.com\/1\/wp-json\/wp\/v2\/categories?post=165691"},{"taxonomy":"post_tag","embeddable":true,"href":"https:\/\/www.caririemacao.com\/1\/wp-json\/wp\/v2\/tags?post=165691"}],"curies":[{"name":"wp","href":"https:\/\/api.w.org\/{rel}","templated":true}]}}